{"id":7546,"date":"2023-10-19T18:32:25","date_gmt":"2023-10-20T00:32:25","guid":{"rendered":"http:\/\/elguanajuatense.vip\/?p=7546"},"modified":"2023-10-19T18:32:26","modified_gmt":"2023-10-20T00:32:26","slug":"celebran-convenio-cofoce-y-uveg-para-impulsar-el-desarrollo-de-guanajuato-diegosinhue-gobiernogto","status":"publish","type":"post","link":"https:\/\/elguanajuatense.vip\/?p=7546","title":{"rendered":"Celebran convenio COFOCE y UVEG para impulsar el desarrollo de Guanajuato \/ @diegosinhue @gobiernogto >>>"},"content":{"rendered":"\n<p class=\"wp-block-paragraph\"><strong>#GobiernoDeGuanajuato.-<\/strong> En el marco de su 16 aniversario\u00a0y durante el prestigioso FORO GO, la\u00a0Universidad Virtual del Estado de Guanajuato [UVEG]\u00a0celebr\u00f3 una\u00a0Firma de Convenio de Colaboraci\u00f3n\u00a0con la\u00a0Coordinadora de Fomento al Comercio Exterior del Estado de Guanajuato [COFOCE], que brindar\u00e1 oportunidades de desarrollo mutuo para ambas instituciones, as\u00ed como para las comunidades acad\u00e9micas, empresariales, exportadora y\/o potencialmente exportadora.<\/p>\n\n\n\n<p class=\"wp-block-paragraph\">El\u00a0Rector Ricardo Narv\u00e1ez\u00a0expres\u00f3 su entusiasmo por esta colaboraci\u00f3n, enfatizando su importancia para el avance de ambas instituciones y su impacto en el desarrollo de Guanajuato.<\/p>\n\n\n\n<p class=\"wp-block-paragraph\">\u201c[\u2026] Este convenio permitir\u00e1 que t\u00fa que est\u00e1s estudiando con nosotros puedas llegar a estos mercados, puedas acceder a este organismo y puedas alg\u00fan d\u00eda, t\u00fa, \u00bfpor qu\u00e9 no?, ser un emprendedor de talla mundial\u201d.<\/p>\n\n\n\n<p class=\"wp-block-paragraph\">Por su parte,\u00a0Luis \u00c1vila Rojas, Director General de\u00a0COFOCE, destac\u00f3 el valor de este convenio, resaltando el impacto que ambas instituciones han tenido en sus respectivos campos.<\/p>\n\n\n\n<p class=\"wp-block-paragraph\">\u201cEstamos muy contentos por seguir potenciado dos grandes instituciones. La UVEG, [\u2026] que hoy tiene m\u00e1s de 190,000 seguidores y cuyos programas los lleva a varios rincones del mundo o a todo el mundo; y COFOCE, que lleva los productos de Guanajuato al mundo [\u2026] Qu\u00e9 mejor que celebrar este contrato en un evento tan ic\u00f3nico (como FORO GO) ya del Estado de Guanajuato, que se ha convertido en uno de los mejores eventos a nivel nacional en transformaci\u00f3n digital y en transformaci\u00f3n de la forma de pensar\u201d, se\u00f1al\u00f3 Luis \u00c1vila Rojas.<\/p>\n\n\n\n<p class=\"wp-block-paragraph\">Esta nueva alianza entre la\u00a0UVEG\u00a0y la\u00a0COFOCE\u00a0subraya el compromiso continuo de la universidad con la comunidad empresarial y el desarrollo educativo en el estado de Guanajuato. Adem\u00e1s, abre un amplio abanico de oportunidades para los estudiantes y profesionales que buscan expandir sus horizontes, crear impacto en el \u00e1mbito empresarial y promover la educaci\u00f3n de calidad de Guanajuato en el mundo.<\/p>\n\n\n\n<p class=\"wp-block-paragraph\"><strong>#ElGuanajuatenseVIP &#8211; <\/strong><a href=\"https:\/\/www.facebook.com\/ElGuanajuatenseVIP\/\">El Guanajuatense VIP<\/a><\/p>\n","protected":false},"excerpt":{"rendered":"<p>#GobiernoDeGuanajuato.- En el marco de su 16 aniversario\u00a0y durante el prestigioso FORO GO, la\u00a0Universidad Virtual del Estado de Guanajuato [UVEG]\u00a0celebr\u00f3<\/p>\n","protected":false},"author":7,"featured_media":7547,"comment_status":"open","ping_status":"open","sticky":false,"template":"","format":"standard","meta":{"colormag_page_container_layout":"default_layout","colormag_page_sidebar_layout":"default_layout","rop_custom_images_group":[],"rop_custom_messages_group":[],"rop_publish_now":"initial","rop_publish_now_accounts":{"facebook_100397929117741_105998571690021":""},"rop_publish_now_history":[],"rop_publish_now_status":"pending","footnotes":""},"categories":[7],"tags":[31,42,30,39,41],"class_list":["post-7546","post","type-post","status-publish","format-standard","has-post-thumbnail","hentry","category-principales","tag-diego-sinhue-rodriguez","tag-en-vivo","tag-guanajuato-gobierno-del-estado","tag-ultima-hora","tag-ultimo-minuto"],"_links":{"self":[{"href":"https:\/\/elguanajuatense.vip\/index.php?rest_route=\/wp\/v2\/posts\/7546","targetHints":{"allow":["GET"]}}],"collection":[{"href":"https:\/\/elguanajuatense.vip\/index.php?rest_route=\/wp\/v2\/posts"}],"about":[{"href":"https:\/\/elguanajuatense.vip\/index.php?rest_route=\/wp\/v2\/types\/post"}],"author":[{"embeddable":true,"href":"https:\/\/elguanajuatense.vip\/index.php?rest_route=\/wp\/v2\/users\/7"}],"replies":[{"embeddable":true,"href":"https:\/\/elguanajuatense.vip\/index.php?rest_route=%2Fwp%2Fv2%2Fcomments&post=7546"}],"version-history":[{"count":1,"href":"https:\/\/elguanajuatense.vip\/index.php?rest_route=\/wp\/v2\/posts\/7546\/revisions"}],"predecessor-version":[{"id":7548,"href":"https:\/\/elguanajuatense.vip\/index.php?rest_route=\/wp\/v2\/posts\/7546\/revisions\/7548"}],"wp:featuredmedia":[{"embeddable":true,"href":"https:\/\/elguanajuatense.vip\/index.php?rest_route=\/wp\/v2\/media\/7547"}],"wp:attachment":[{"href":"https:\/\/elguanajuatense.vip\/index.php?rest_route=%2Fwp%2Fv2%2Fmedia&parent=7546"}],"wp:term":[{"taxonomy":"category","embeddable":true,"href":"https:\/\/elguanajuatense.vip\/index.php?rest_route=%2Fwp%2Fv2%2Fcategories&post=7546"},{"taxonomy":"post_tag","embeddable":true,"href":"https:\/\/elguanajuatense.vip\/index.php?rest_route=%2Fwp%2Fv2%2Ftags&post=7546"}],"curies":[{"name":"wp","href":"https:\/\/api.w.org\/{rel}","templated":true}]}}