{"id":7607,"date":"2023-10-26T18:39:38","date_gmt":"2023-10-27T00:39:38","guid":{"rendered":"http:\/\/elguanajuatense.vip\/?p=7607"},"modified":"2023-10-26T18:39:40","modified_gmt":"2023-10-27T00:39:40","slug":"firma-alcalde-de-salamanca-convenio-para-obra-de-reencarpetamiento-en-el-camino-al-divisador-jcesarprieto-gobsalamanca","status":"publish","type":"post","link":"https:\/\/elguanajuatense.vip\/?p=7607","title":{"rendered":"Firma alcalde de Salamanca convenio para obra de reencarpetamiento en el camino al Divisador \/ @JCesarPrieto @GobSalamanca >>>"},"content":{"rendered":"\n<p><strong>#Salamanca, #Gto.-<\/strong> Con el compromiso de mejorar la infraestructura p\u00fablica de Salamanca, el presidente municipal, C\u00e9sar Prieto, llev\u00f3 a cabo una firma de convenio esta ma\u00f1ana, en colaboraci\u00f3n con la empresa TransCanada Energy Corporation, para realizar una importante obra de reencarpetamiento en el camino que conduce a la comunidad del Divisador.<\/p>\n\n\n\n<p>En esta alianza, la empresa TransCanada Energy Corporation ha aportado un recurso de m\u00e1s de un mill\u00f3n ochocientos mil pesos, que ser\u00e1 gestionado por la Direcci\u00f3n General de Obra P\u00fablica para llevar a cabo el proyecto de reencarpetamiento de la carpeta asf\u00e1ltica.<\/p>\n\n\n\n<p>El camino en cuesti\u00f3n abarca una longitud de 600 metros,&nbsp; colinda y sirve como acceso a la comunidad de El Divisador. Estas acciones beneficiar\u00e1n no solo a los residentes locales, sino a todos aquellos que transitan por esta zona.<\/p>\n\n\n\n<p>Los trabajos est\u00e1n programados para dar inicio durante el mes de noviembre y se prev\u00e9 su conclusi\u00f3n a principios del pr\u00f3ximo a\u00f1o.<\/p>\n\n\n\n<p>Gracias a la gesti\u00f3n del Presidente C\u00e9sar Prieto, el Gobierno de Salamanca logra proyectos que mejoran la circulaci\u00f3n vial en Salamanca y optimizan la infraestructura de la ciudad.<\/p>\n\n\n\n<p><strong>#ElGuanajuatenseVIP &#8211; <\/strong><a href=\"https:\/\/www.facebook.com\/ElGuanajuatenseVIP\/\">El Guanajuatense VIP<\/a><\/p>\n","protected":false},"excerpt":{"rendered":"<p>#Salamanca, #Gto.- Con el compromiso de mejorar la infraestructura p\u00fablica de Salamanca, el presidente municipal, C\u00e9sar Prieto, llev\u00f3 a cabo<\/p>\n","protected":false},"author":7,"featured_media":7608,"comment_status":"open","ping_status":"open","sticky":false,"template":"","format":"standard","meta":{"colormag_page_container_layout":"default_layout","colormag_page_sidebar_layout":"default_layout","rop_custom_images_group":[],"rop_custom_messages_group":[],"rop_publish_now":"initial","rop_publish_now_accounts":{"facebook_100397929117741_105998571690021":""},"rop_publish_now_history":[],"rop_publish_now_status":"pending","footnotes":""},"categories":[27],"tags":[85,42,86,39,41],"class_list":["post-7607","post","type-post","status-publish","format-standard","has-post-thumbnail","hentry","category-municipios-destacados","tag-cesar-prieto-gallardo","tag-en-vivo","tag-presidencia-municipal-de-salamanca","tag-ultima-hora","tag-ultimo-minuto"],"_links":{"self":[{"href":"https:\/\/elguanajuatense.vip\/index.php?rest_route=\/wp\/v2\/posts\/7607","targetHints":{"allow":["GET"]}}],"collection":[{"href":"https:\/\/elguanajuatense.vip\/index.php?rest_route=\/wp\/v2\/posts"}],"about":[{"href":"https:\/\/elguanajuatense.vip\/index.php?rest_route=\/wp\/v2\/types\/post"}],"author":[{"embeddable":true,"href":"https:\/\/elguanajuatense.vip\/index.php?rest_route=\/wp\/v2\/users\/7"}],"replies":[{"embeddable":true,"href":"https:\/\/elguanajuatense.vip\/index.php?rest_route=%2Fwp%2Fv2%2Fcomments&post=7607"}],"version-history":[{"count":1,"href":"https:\/\/elguanajuatense.vip\/index.php?rest_route=\/wp\/v2\/posts\/7607\/revisions"}],"predecessor-version":[{"id":7609,"href":"https:\/\/elguanajuatense.vip\/index.php?rest_route=\/wp\/v2\/posts\/7607\/revisions\/7609"}],"wp:featuredmedia":[{"embeddable":true,"href":"https:\/\/elguanajuatense.vip\/index.php?rest_route=\/wp\/v2\/media\/7608"}],"wp:attachment":[{"href":"https:\/\/elguanajuatense.vip\/index.php?rest_route=%2Fwp%2Fv2%2Fmedia&parent=7607"}],"wp:term":[{"taxonomy":"category","embeddable":true,"href":"https:\/\/elguanajuatense.vip\/index.php?rest_route=%2Fwp%2Fv2%2Fcategories&post=7607"},{"taxonomy":"post_tag","embeddable":true,"href":"https:\/\/elguanajuatense.vip\/index.php?rest_route=%2Fwp%2Fv2%2Ftags&post=7607"}],"curies":[{"name":"wp","href":"https:\/\/api.w.org\/{rel}","templated":true}]}}