{"id":7665,"date":"2023-11-07T19:50:29","date_gmt":"2023-11-08T01:50:29","guid":{"rendered":"http:\/\/elguanajuatense.vip\/?p=7665"},"modified":"2023-11-07T19:50:30","modified_gmt":"2023-11-08T01:50:30","slug":"luce-centro-historico-de-guanajuato-capital-abarrotado-por-festival-del-dia-de-los-muertos-anavarromx-guanajuatogob","status":"publish","type":"post","link":"https:\/\/elguanajuatense.vip\/?p=7665","title":{"rendered":"Luce centro hist\u00f3rico de Guanajuato Capital abarrotado por Festival del D\u00eda de los Muertos \/ @ANavarroMX @GuanajuatoGob >>>"},"content":{"rendered":"\n<p class=\"wp-block-paragraph\"><strong>#Guanajuato, #Gto.- <\/strong>M\u00e1s de 30 mil personas abarrotaron el centro hist\u00f3rico de esta capital por las actividades culturales gratuitas del quinto Festival del D\u00eda de los Muertos.<\/p>\n\n\n\n<p class=\"wp-block-paragraph\">Adem\u00e1s de la tradicional visita a los panteones, este jueves, D\u00eda de Muertos, se extendi\u00f3 la muestra de arte ef\u00edmero \u2018Tapete de la Muerte\u2019 en toda la calle Sope\u00f1a e iniciaron las exposiciones y los conciertos en el ya afamado \u2018T\u00fanel de Tradici\u00f3n\u2019, entre la rampa de los \u00c1ngeles y la bajada de Alonso de la calle subterr\u00e1nea.<\/p>\n\n\n\n<p class=\"wp-block-paragraph\">\u201cEs un d\u00eda para celebrar, para disfrutarlo en familia y creo que s\u00ed estaremos rompiendo el r\u00e9cord de 2022, cuando el Festival del D\u00eda de los Muertos super\u00f3 el tope de los 120 mil visitantes\u201d, se\u00f1al\u00f3 el alcalde anfitri\u00f3n, Alejandro Navarro.<\/p>\n\n\n\n<p class=\"wp-block-paragraph\">\u201cQu\u00e9 bonito que miles de familias est\u00e9n disfrutando de este maravilloso Festival. Ma\u00f1ana tenemos el concierto de rock sinf\u00f3nico en la explanada de la Alh\u00f3ndiga, la Guelaguetza en la calle subterr\u00e1nea y much\u00edsimas actividades m\u00e1s para celebrar en familia\u201d, agreg\u00f3 Samantha Smith, presidenta del DIF Municipal.<\/p>\n\n\n\n<p class=\"wp-block-paragraph\">El Presidente Municipal de Guanajuato reiter\u00f3 que este Festival ya logr\u00f3 colocarse entre los mejores de todo el pa\u00eds, por su vasto programa de espect\u00e1culos y atractivos que solo un destino tur\u00edstico como Guanajuato puede ofrecer por sus leyendas de la \u00e9poca colonial y su colecci\u00f3n de cuerpos momificados por v\u00eda natural m\u00e1s grande del mundo.<\/p>\n\n\n\n<p class=\"wp-block-paragraph\">La calle subterr\u00e1nea, con su \u2018T\u00fanel de Tradici\u00f3n\u2019, y la Presa de la Olla, con el impactante mapping hologr\u00e1fico y sus conciertos, son las sedes principales entre el 2 y el 5 de noviembre, luego de la Procesi\u00f3n de los Angelitos del martes 31 de octubre y del Desfile de Calaveras y Catrinas del mi\u00e9rcoles primero de noviembre. En el \u2018T\u00fanel de Tradici\u00f3n\u2019 se instalaron m\u00e1s de 200 stands, mientras que el parque Florencio Antill\u00f3n, a un costado de la Presa de la Olla, alberg\u00f3 m\u00e1s de 50 comerciantes, con lo que se ha logrado incentivar al comercio local.<\/p>\n\n\n\n<p class=\"wp-block-paragraph\"><strong>#ElGuanajuatenseVIP &#8211; <\/strong><a href=\"https:\/\/www.facebook.com\/ElGuanajuatenseVIP\/\">El Guanajuatense VIP<\/a><\/p>\n","protected":false},"excerpt":{"rendered":"<p>#Guanajuato, #Gto.- M\u00e1s de 30 mil personas abarrotaron el centro hist\u00f3rico de esta capital por las actividades culturales gratuitas del<\/p>\n","protected":false},"author":7,"featured_media":7666,"comment_status":"open","ping_status":"open","sticky":false,"template":"","format":"standard","meta":{"colormag_page_container_layout":"default_layout","colormag_page_sidebar_layout":"default_layout","rop_custom_images_group":[],"rop_custom_messages_group":[],"rop_publish_now":"initial","rop_publish_now_accounts":{"facebook_100397929117741_105998571690021":""},"rop_publish_now_history":[],"rop_publish_now_status":"pending","footnotes":""},"categories":[27],"tags":[84,42,83,38,39,41],"class_list":["post-7665","post","type-post","status-publish","format-standard","has-post-thumbnail","hentry","category-municipios-destacados","tag-alejandro-navarro-saldana","tag-en-vivo","tag-gobierno-municipal-de-guanajuato","tag-redes-sociales","tag-ultima-hora","tag-ultimo-minuto"],"_links":{"self":[{"href":"https:\/\/elguanajuatense.vip\/index.php?rest_route=\/wp\/v2\/posts\/7665","targetHints":{"allow":["GET"]}}],"collection":[{"href":"https:\/\/elguanajuatense.vip\/index.php?rest_route=\/wp\/v2\/posts"}],"about":[{"href":"https:\/\/elguanajuatense.vip\/index.php?rest_route=\/wp\/v2\/types\/post"}],"author":[{"embeddable":true,"href":"https:\/\/elguanajuatense.vip\/index.php?rest_route=\/wp\/v2\/users\/7"}],"replies":[{"embeddable":true,"href":"https:\/\/elguanajuatense.vip\/index.php?rest_route=%2Fwp%2Fv2%2Fcomments&post=7665"}],"version-history":[{"count":1,"href":"https:\/\/elguanajuatense.vip\/index.php?rest_route=\/wp\/v2\/posts\/7665\/revisions"}],"predecessor-version":[{"id":7667,"href":"https:\/\/elguanajuatense.vip\/index.php?rest_route=\/wp\/v2\/posts\/7665\/revisions\/7667"}],"wp:featuredmedia":[{"embeddable":true,"href":"https:\/\/elguanajuatense.vip\/index.php?rest_route=\/wp\/v2\/media\/7666"}],"wp:attachment":[{"href":"https:\/\/elguanajuatense.vip\/index.php?rest_route=%2Fwp%2Fv2%2Fmedia&parent=7665"}],"wp:term":[{"taxonomy":"category","embeddable":true,"href":"https:\/\/elguanajuatense.vip\/index.php?rest_route=%2Fwp%2Fv2%2Fcategories&post=7665"},{"taxonomy":"post_tag","embeddable":true,"href":"https:\/\/elguanajuatense.vip\/index.php?rest_route=%2Fwp%2Fv2%2Ftags&post=7665"}],"curies":[{"name":"wp","href":"https:\/\/api.w.org\/{rel}","templated":true}]}}