{"id":7677,"date":"2023-11-07T20:11:22","date_gmt":"2023-11-08T02:11:22","guid":{"rendered":"http:\/\/elguanajuatense.vip\/?p=7677"},"modified":"2023-11-07T20:11:24","modified_gmt":"2023-11-08T02:11:24","slug":"pirelli-inaugura-su-primer-centro-de-investigacion-y-desarrollo-en-mexico-diegosinhue-gobiernogto","status":"publish","type":"post","link":"https:\/\/elguanajuatense.vip\/?p=7677","title":{"rendered":"Pirelli inaugura su primer Centro de Investigaci\u00f3n y Desarrollo en M\u00e9xico \/ @diegosinhue @gobiernogto >>>"},"content":{"rendered":"\n<p><strong>#GobiernoDeGuanajuato.-<\/strong> Pirelli inaugura hoy en Silao el primer centro de investigaci\u00f3n y desarrollo del grupo italiano en M\u00e9xico, a poco m\u00e1s de un a\u00f1o del anuncio de su creaci\u00f3n.<\/p>\n\n\n\n<p>Fruto de una inversi\u00f3n de 15 millones de d\u00f3lares en un periodo de 2 a\u00f1os, prevista en el Plan de Negocios 2021-2022|2025, el nuevo polo de tecnolog\u00eda avanzada y digitalizaci\u00f3n para la producci\u00f3n de neum\u00e1ticos tiene una superficie de m\u00e1s de 6.000 m2, que se suman a los 200.000 m2 anteriores de la planta mexicana.<\/p>\n\n\n\n<p>Adoptando los principios de la Industria 4.0, el nuevo hub tecnol\u00f3gico de Pirelli fortalecer\u00e1 el ecosistema de innovaci\u00f3n, aprendizaje continuo y desarrollo en lo que ya se llama \u201cel Valle de la Mentefactura en Guanajuato\u201d.<\/p>\n\n\n\n<p>Para subrayar la importancia estrat\u00e9gica del nuevo centro de I &amp; D de Pirelli para toda el \u00e1rea, la inauguraci\u00f3n cont\u00f3 con la presencia de Diego Sinhue Rodr\u00edguez Vallejo, Gobernador del Estado de Guanajuato, Luigi De Chiara, Embajador de Italia en M\u00e9xico, Claudio Zanardo, presidente y CEO de Pirelli Norteam\u00e9rica y Enrico Verdino, CEO de Pirelli M\u00e9xico.<\/p>\n\n\n\n<p>\u201cM\u00e9xico representa para Pirelli un \u00e1rea estrat\u00e9gica para las actividades en Am\u00e9rica del Norte y Am\u00e9rica Central. En estos a\u00f1os, la planta de Silao ha contribuido de manera importante al \u00e9xito de la estrategia de Pirelli en el mundo: una estrategia enfocada en el high-value, que ha convertido a nuestra empresa en el l\u00edder indiscutible en los segmentos Premium y Prestige. Con la inauguraci\u00f3n de este nuevo centro de investigaci\u00f3n y desarrollo, nuestro objetivo es incrementar la competitividad tecnol\u00f3gica de Pirelli en toda el \u00e1rea de Am\u00e9rica del Norte\u201d, subray\u00f3 Claudio Zanardo, presidente y CEO de Pirelli Norteam\u00e9rica.<\/p>\n\n\n\n<p>\u201cEn estos 11 a\u00f1os, la planta de Silao ha crecido a una velocidad incre\u00edble, pasando de una capacidad de producci\u00f3n de alrededor de 1,5 millones de neum\u00e1ticos a una capacidad hoy de 7,6 millones de neum\u00e1ticos. El nuevo centro de I &amp; D nos permitir\u00e1 desarrollar productos Premium utilizando tecnolog\u00edas de vanguardia y cada vez m\u00e1s sostenibles, pero tambi\u00e9n atraer y desarrollar nuevos talentos locales altamente especializados\u201d, dijo Enrico Verdino, CEO de Pirelli M\u00e9xico.&nbsp;<\/p>\n\n\n\n<p>\u201cHoy me siento muy contento, porque \u00e9sta es la materializaci\u00f3n de una pol\u00edtica p\u00fablica que surge entre sociedad y gobierno, y este es el caso de la mentefactura, porque ha sido con empresas como Pirelli que se ha hecho una realidad. Escuchar que el CEO Global de Pirelli hable del Valle de la Mentefactura y que los j\u00f3venes le est\u00e1n apostando a la mentefactura, es la realizaci\u00f3n de una pol\u00edtica p\u00fablica, porque ese discurso se traduce en un centro de innovaci\u00f3n y desarrollo tecnol\u00f3gico\u201d, expres\u00f3 el Gobernador Diego Sinhue Rodr\u00edguez Vallejo.<\/p>\n\n\n\n<p><strong>#ElGuanajuatenseVIP &#8211; <\/strong><a href=\"https:\/\/www.facebook.com\/ElGuanajuatenseVIP\/\">El Guanajuatense VIP<\/a><\/p>\n","protected":false},"excerpt":{"rendered":"<p>#GobiernoDeGuanajuato.- Pirelli inaugura hoy en Silao el primer centro de investigaci\u00f3n y desarrollo del grupo italiano en M\u00e9xico, a poco<\/p>\n","protected":false},"author":7,"featured_media":7678,"comment_status":"open","ping_status":"open","sticky":false,"template":"","format":"standard","meta":{"colormag_page_container_layout":"default_layout","colormag_page_sidebar_layout":"default_layout","rop_custom_images_group":[],"rop_custom_messages_group":[],"rop_publish_now":"initial","rop_publish_now_accounts":{"facebook_100397929117741_105998571690021":""},"rop_publish_now_history":[],"rop_publish_now_status":"pending","footnotes":""},"categories":[25],"tags":[31,42,30,39,41],"class_list":["post-7677","post","type-post","status-publish","format-standard","has-post-thumbnail","hentry","category-ultima-hora","tag-diego-sinhue-rodriguez","tag-en-vivo","tag-guanajuato-gobierno-del-estado","tag-ultima-hora","tag-ultimo-minuto"],"_links":{"self":[{"href":"https:\/\/elguanajuatense.vip\/index.php?rest_route=\/wp\/v2\/posts\/7677","targetHints":{"allow":["GET"]}}],"collection":[{"href":"https:\/\/elguanajuatense.vip\/index.php?rest_route=\/wp\/v2\/posts"}],"about":[{"href":"https:\/\/elguanajuatense.vip\/index.php?rest_route=\/wp\/v2\/types\/post"}],"author":[{"embeddable":true,"href":"https:\/\/elguanajuatense.vip\/index.php?rest_route=\/wp\/v2\/users\/7"}],"replies":[{"embeddable":true,"href":"https:\/\/elguanajuatense.vip\/index.php?rest_route=%2Fwp%2Fv2%2Fcomments&post=7677"}],"version-history":[{"count":1,"href":"https:\/\/elguanajuatense.vip\/index.php?rest_route=\/wp\/v2\/posts\/7677\/revisions"}],"predecessor-version":[{"id":7679,"href":"https:\/\/elguanajuatense.vip\/index.php?rest_route=\/wp\/v2\/posts\/7677\/revisions\/7679"}],"wp:featuredmedia":[{"embeddable":true,"href":"https:\/\/elguanajuatense.vip\/index.php?rest_route=\/wp\/v2\/media\/7678"}],"wp:attachment":[{"href":"https:\/\/elguanajuatense.vip\/index.php?rest_route=%2Fwp%2Fv2%2Fmedia&parent=7677"}],"wp:term":[{"taxonomy":"category","embeddable":true,"href":"https:\/\/elguanajuatense.vip\/index.php?rest_route=%2Fwp%2Fv2%2Fcategories&post=7677"},{"taxonomy":"post_tag","embeddable":true,"href":"https:\/\/elguanajuatense.vip\/index.php?rest_route=%2Fwp%2Fv2%2Ftags&post=7677"}],"curies":[{"name":"wp","href":"https:\/\/api.w.org\/{rel}","templated":true}]}}