{"id":7696,"date":"2023-11-09T19:38:50","date_gmt":"2023-11-10T01:38:50","guid":{"rendered":"http:\/\/elguanajuatense.vip\/?p=7696"},"modified":"2023-11-09T19:38:51","modified_gmt":"2023-11-10T01:38:51","slug":"se-benefician-mas-de-180-pacientes-durante-jornada-de-cataratas-en-hospital-general-dolores-hidalgo-diegosinhue-gobiernogto","status":"publish","type":"post","link":"https:\/\/elguanajuatense.vip\/?p=7696","title":{"rendered":"Se benefician m\u00e1s de 180 pacientes durante Jornada de Cataratas en Hospital General Dolores Hidalgo \/ @diegosinhue @gobiernogto >>>"},"content":{"rendered":"\n<p class=\"wp-block-paragraph\"><strong>#GobiernoDeGuanajuato.-<\/strong> El Sistema de Salud del Estado de Guanajuato que es encabezado por el Dr. Daniel D\u00edaz Mart\u00ednez, en coordinaci\u00f3n con el personal m\u00e9dico del Hospital General de Dolores Hidalgo llevaron a cabo la l Jornada de Cirug\u00edas de Cataratas.<\/p>\n\n\n\n<p class=\"wp-block-paragraph\">Como resultado de esta jornada se beneficiaron a m\u00e1s 180 pacientes de diferentes municipios diagnosticados con catarata, originarios de los municipios de Dolores Hidalgo, Guanajuato, Ocampo, San Diego de la Uni\u00f3n y San Felipe; municipios pertenecientes a la Jurisdicci\u00f3n Sanitaria I.<\/p>\n\n\n\n<p class=\"wp-block-paragraph\">El Dr. Francisco Javier Magos, Director General de Servicios de Salud del Sistema de Salud, en representaci\u00f3n del Secretario de Salud el Dr. Daniel D\u00edaz, detall\u00f3 que dichas jornadas tuvieron una duraci\u00f3n de tres d\u00edas durante los cuales se brind\u00f3 atenci\u00f3n m\u00e9dica quir\u00fargica especializada con calidad, seguridad y buen trato a la poblaci\u00f3n sin derechohabiencia.<\/p>\n\n\n\n<p class=\"wp-block-paragraph\">El Dr. Magos explic\u00f3 que la catarata es una condicionante de ceguera parcial o total y se define como una opacificaci\u00f3n del cristalino, limitando la capacidad visual.<\/p>\n\n\n\n<p class=\"wp-block-paragraph\">\u201cCon estas jornadas se busca mejorar la calidad de vida de las personas para el restablecimiento de su salud integral, teniendo un impacto positivo en los aspectos psicol\u00f3gico, social, econ\u00f3mico y de calidad de vida\u201d se\u00f1al\u00f3 el Dr.&nbsp; Francisco Javier Magos durante su discurso inaugural.<\/p>\n\n\n\n<p class=\"wp-block-paragraph\">Adem\u00e1s, mencion\u00f3 que los procedimientos se llevaron a cabo en alianza con la Asociaci\u00f3n para Evitar la Ceguera en M\u00e9xico, denominada APEC.<\/p>\n\n\n\n<p class=\"wp-block-paragraph\">Los procedimientos fueron realizados por personal altamente especializados entre oftalm\u00f3logos y enfermeras, agreg\u00f3.<\/p>\n\n\n\n<p class=\"wp-block-paragraph\">En lo que va del a\u00f1o se han realizado m\u00e1s de 700 cirug\u00edas.<\/p>\n\n\n\n<p class=\"wp-block-paragraph\">As\u00ed pues, al iniciar el evento se cont\u00f3 con la presencia de Adri\u00e1n Hern\u00e1ndez Alejandri, Presidente Municipal de Dolores Hidalgo, as\u00ed como la se\u00f1ora Michel Reyes Lucio, Presidenta del DIF municipal.<\/p>\n\n\n\n<p class=\"wp-block-paragraph\"><strong>#ElGuanajuatenseVIP &#8211; <\/strong><a href=\"https:\/\/www.facebook.com\/ElGuanajuatenseVIP\/\">El Guanajuatense VIP<\/a><\/p>\n","protected":false},"excerpt":{"rendered":"<p>#GobiernoDeGuanajuato.- El Sistema de Salud del Estado de Guanajuato que es encabezado por el Dr. Daniel D\u00edaz Mart\u00ednez, en coordinaci\u00f3n<\/p>\n","protected":false},"author":7,"featured_media":7697,"comment_status":"open","ping_status":"open","sticky":false,"template":"","format":"standard","meta":{"colormag_page_container_layout":"default_layout","colormag_page_sidebar_layout":"default_layout","rop_custom_images_group":[],"rop_custom_messages_group":[],"rop_publish_now":"initial","rop_publish_now_accounts":{"facebook_100397929117741_105998571690021":""},"rop_publish_now_history":[],"rop_publish_now_status":"pending","footnotes":""},"categories":[23],"tags":[31,42,30,39,41],"class_list":["post-7696","post","type-post","status-publish","format-standard","has-post-thumbnail","hentry","category-secretarias","tag-diego-sinhue-rodriguez","tag-en-vivo","tag-guanajuato-gobierno-del-estado","tag-ultima-hora","tag-ultimo-minuto"],"_links":{"self":[{"href":"https:\/\/elguanajuatense.vip\/index.php?rest_route=\/wp\/v2\/posts\/7696","targetHints":{"allow":["GET"]}}],"collection":[{"href":"https:\/\/elguanajuatense.vip\/index.php?rest_route=\/wp\/v2\/posts"}],"about":[{"href":"https:\/\/elguanajuatense.vip\/index.php?rest_route=\/wp\/v2\/types\/post"}],"author":[{"embeddable":true,"href":"https:\/\/elguanajuatense.vip\/index.php?rest_route=\/wp\/v2\/users\/7"}],"replies":[{"embeddable":true,"href":"https:\/\/elguanajuatense.vip\/index.php?rest_route=%2Fwp%2Fv2%2Fcomments&post=7696"}],"version-history":[{"count":1,"href":"https:\/\/elguanajuatense.vip\/index.php?rest_route=\/wp\/v2\/posts\/7696\/revisions"}],"predecessor-version":[{"id":7698,"href":"https:\/\/elguanajuatense.vip\/index.php?rest_route=\/wp\/v2\/posts\/7696\/revisions\/7698"}],"wp:featuredmedia":[{"embeddable":true,"href":"https:\/\/elguanajuatense.vip\/index.php?rest_route=\/wp\/v2\/media\/7697"}],"wp:attachment":[{"href":"https:\/\/elguanajuatense.vip\/index.php?rest_route=%2Fwp%2Fv2%2Fmedia&parent=7696"}],"wp:term":[{"taxonomy":"category","embeddable":true,"href":"https:\/\/elguanajuatense.vip\/index.php?rest_route=%2Fwp%2Fv2%2Fcategories&post=7696"},{"taxonomy":"post_tag","embeddable":true,"href":"https:\/\/elguanajuatense.vip\/index.php?rest_route=%2Fwp%2Fv2%2Ftags&post=7696"}],"curies":[{"name":"wp","href":"https:\/\/api.w.org\/{rel}","templated":true}]}}