{"id":7711,"date":"2023-11-14T18:47:26","date_gmt":"2023-11-15T00:47:26","guid":{"rendered":"https:\/\/elguanajuatense.vip\/?p=7711"},"modified":"2023-11-14T18:47:27","modified_gmt":"2023-11-15T00:47:27","slug":"el-sistema-de-salud-gto-atiende-a-mas-de-64-mil-habitantes-con-diabetes-diegosinhue-gobiernogto","status":"publish","type":"post","link":"https:\/\/elguanajuatense.vip\/?p=7711","title":{"rendered":"El Sistema de Salud Gto atiende a m\u00e1s de 64 mil habitantes con diabetes \/ @diegosinhue @gobiernogto >>>"},"content":{"rendered":"\n<p class=\"wp-block-paragraph\"><strong>#GobiernoDeGuanajuato.-<\/strong> \u201cAcceso a los Cuidados de la Diabetes\u201d es el lema que caracteriz\u00f3 este 2023 la conmemoraci\u00f3n del D\u00eda Mundial de la Diabetes.<\/p>\n\n\n\n<p class=\"wp-block-paragraph\">En M\u00e9xico, la prevalencia por diagn\u00f3stico previo de la Diabetes Mellitus tipo 2 (DM2) es del 18.3%, mientras que, en Guanajuato, aunque ligeramente m\u00e1s baja, alcanza un 13.4%.<\/p>\n\n\n\n<p class=\"wp-block-paragraph\">Esto nos lleva a estimar que m\u00e1s de 538 mil personas viven con diabetes mellitus 2 en nuestro estado, as\u00ed lo destac\u00f3 el Coordinador General de Salud P\u00fablica, Mois\u00e9s Andrade Quezada.<\/p>\n\n\n\n<p class=\"wp-block-paragraph\">Reconoci\u00f3 que hoy todos nos debemos asumir como promotores de la salud para tener estilos de vida saludables, como hacer ejercicio, llevar una alimentaci\u00f3n correcta y descanso, para contrarrestar esta enfermedad.<\/p>\n\n\n\n<p class=\"wp-block-paragraph\">En esta conmemoraci\u00f3n estuvo presente el Presidente de la Red Guanajuatense de Municipios por la Salud, Jos\u00e9 Luis Oliveros quien representa la pol\u00edtica p\u00fablica de los 46 municipios en prevenci\u00f3n y promoci\u00f3n a la salud, en temas como las enfermedades cr\u00f3nicas no degenerativas.<\/p>\n\n\n\n<p class=\"wp-block-paragraph\">Adem\u00e1s se cont\u00f3 con la presencia de instituciones educativas y asociaciones civiles que a diario implementan estrategias importantes para despertar la conciencia de la poblaci\u00f3n sobre este mal, considerado como la nueva pandemia.<\/p>\n\n\n\n<p class=\"wp-block-paragraph\">\u201cCada a\u00f1o, enfrentamos m\u00e1s de 10 mil nuevos casos de diabetes tipo 2 en Guanajuato, y estas cifras no s\u00f3lo representan n\u00fameros, sino vidas afectadas. La DM2 se posiciona como la segunda causa de muerte en nuestro pa\u00eds y en nuestro estado, despu\u00e9s de las enfermedades card\u00edacas\u201d, agreg\u00f3 Andrade Quezada.<\/p>\n\n\n\n<p class=\"wp-block-paragraph\"><strong>#ElGuanajuatenseVIP &#8211; <\/strong><a href=\"https:\/\/www.facebook.com\/ElGuanajuatenseVIP\/\">El Guanajuatense VIP<\/a><\/p>\n","protected":false},"excerpt":{"rendered":"<p>#GobiernoDeGuanajuato.- \u201cAcceso a los Cuidados de la Diabetes\u201d es el lema que caracteriz\u00f3 este 2023 la conmemoraci\u00f3n del D\u00eda Mundial<\/p>\n","protected":false},"author":7,"featured_media":7712,"comment_status":"open","ping_status":"open","sticky":false,"template":"","format":"standard","meta":{"colormag_page_container_layout":"default_layout","colormag_page_sidebar_layout":"default_layout","rop_custom_images_group":[],"rop_custom_messages_group":[],"rop_publish_now":"initial","rop_publish_now_accounts":{"facebook_100397929117741_105998571690021":""},"rop_publish_now_history":[],"rop_publish_now_status":"pending","footnotes":""},"categories":[23],"tags":[31,42,30,38,39],"class_list":["post-7711","post","type-post","status-publish","format-standard","has-post-thumbnail","hentry","category-secretarias","tag-diego-sinhue-rodriguez","tag-en-vivo","tag-guanajuato-gobierno-del-estado","tag-redes-sociales","tag-ultima-hora"],"_links":{"self":[{"href":"https:\/\/elguanajuatense.vip\/index.php?rest_route=\/wp\/v2\/posts\/7711","targetHints":{"allow":["GET"]}}],"collection":[{"href":"https:\/\/elguanajuatense.vip\/index.php?rest_route=\/wp\/v2\/posts"}],"about":[{"href":"https:\/\/elguanajuatense.vip\/index.php?rest_route=\/wp\/v2\/types\/post"}],"author":[{"embeddable":true,"href":"https:\/\/elguanajuatense.vip\/index.php?rest_route=\/wp\/v2\/users\/7"}],"replies":[{"embeddable":true,"href":"https:\/\/elguanajuatense.vip\/index.php?rest_route=%2Fwp%2Fv2%2Fcomments&post=7711"}],"version-history":[{"count":1,"href":"https:\/\/elguanajuatense.vip\/index.php?rest_route=\/wp\/v2\/posts\/7711\/revisions"}],"predecessor-version":[{"id":7713,"href":"https:\/\/elguanajuatense.vip\/index.php?rest_route=\/wp\/v2\/posts\/7711\/revisions\/7713"}],"wp:featuredmedia":[{"embeddable":true,"href":"https:\/\/elguanajuatense.vip\/index.php?rest_route=\/wp\/v2\/media\/7712"}],"wp:attachment":[{"href":"https:\/\/elguanajuatense.vip\/index.php?rest_route=%2Fwp%2Fv2%2Fmedia&parent=7711"}],"wp:term":[{"taxonomy":"category","embeddable":true,"href":"https:\/\/elguanajuatense.vip\/index.php?rest_route=%2Fwp%2Fv2%2Fcategories&post=7711"},{"taxonomy":"post_tag","embeddable":true,"href":"https:\/\/elguanajuatense.vip\/index.php?rest_route=%2Fwp%2Fv2%2Ftags&post=7711"}],"curies":[{"name":"wp","href":"https:\/\/api.w.org\/{rel}","templated":true}]}}