{"id":7900,"date":"2023-12-07T21:16:00","date_gmt":"2023-12-08T03:16:00","guid":{"rendered":"http:\/\/elguanajuatense.vip\/?p=7900"},"modified":"2023-12-07T17:18:40","modified_gmt":"2023-12-07T23:18:40","slug":"participa-rector-de-la-universidad-politecnica-de-juventino-rosas-en-primera-conferencia-interuniversitaria-sobre-juventud-educacion-e-investigacion-diegosinhue-gobiernogto","status":"publish","type":"post","link":"https:\/\/elguanajuatense.vip\/?p=7900","title":{"rendered":"Participa Rector de la Universidad Polit\u00e9cnica de Juventino Rosas en \u201cPrimera Conferencia Interuniversitaria sobre Juventud, Educaci\u00f3n e Investigaci\u00f3n\u201d \/ @diegosinhue @gobiernogto >>>"},"content":{"rendered":"\n<p><strong>#GobiernoDeGuanajuato.- <\/strong>La Universidad Polit\u00e9cnica de Juventino Rosas, perteneciente al subsistema de educaci\u00f3n superior de la Secretar\u00eda de Educaci\u00f3n de Guanajuato, con la representaci\u00f3n de su Rector, Jos\u00e9 Christian Padilla Navarro, particip\u00f3 en \u201cPrimera Conferencia Interuniversitaria sobre Juventud, Educaci\u00f3n e Investigaci\u00f3n\u201d en la Sede Naciones Unidas (UNHQ) en la ciudad de Nueva York, realizada el d\u00eda 5 de diciembre del a\u00f1o en curso.<\/p>\n\n\n\n<p>El evento, en el que intervinieron distinguidos acad\u00e9micos, investigadores reconocidos y l\u00edderes influyentes de diversos campos, fueron invitados por el Observador Permanente del Organismo Internacional de Juventud para Iberoam\u00e9rica (OIJ) ante las Naciones Unidas, Daniel del Valle Blanco.<\/p>\n\n\n\n<p>En las actividades realizadas, Jos\u00e9 Christian Padilla Navarro, sostuvo una reuni\u00f3n con funcionarios de las naciones unidas con la finalidad de generar en alianza con el Organismo Internacional de la Juventud para la ONU el primer Modelo de Naciones Unidas de la Universidad Polit\u00e9cnica de Juventino Rosas.&nbsp;<\/p>\n\n\n\n<p>Jos\u00e9 Christian enumer\u00f3 una serie de propuestas para fortalecer la educaci\u00f3n de los j\u00f3venes, como primer punto, habl\u00f3 sobre la importancia de la salud mental (\u00e1rea donde el rector se ha desempe\u00f1ado y ha trabajado para disminuir las problem\u00e1ticas que existen en relaci\u00f3n con esta), ofreci\u00f3 como soluci\u00f3n a los problemas de salud mental \u201cla identificaci\u00f3n temprana, evaluaci\u00f3n, gesti\u00f3n y seguimiento de las personas afectadas por pensamientos y comportamientos suicidas\u201d.<\/p>\n\n\n\n<p>Aclar\u00f3 que las instancias que imparten educaci\u00f3n dan como resultado no solamente la disminuci\u00f3n de padecimientos o trastornos mentales, sino tambi\u00e9n, la disminuci\u00f3n de la delincuencia en M\u00e9xico y Latinoam\u00e9rica.<\/p>\n\n\n\n<p>De la misma manera, el Rector tuvo la oportunidad de ser orador en el m\u00e1ximo \u00f3rgano de derecho internacional y en su intervenci\u00f3n resalt\u00f3 la importancia que tiene la educaci\u00f3n para los j\u00f3venes en Latinoam\u00e9rica y la relevancia que tienen estos mismos para transformar al mundo, \u201cLos j\u00f3venes contrario a lo que algunos piensan, no representa el futuro, sino el presente de la humanidad\u201d, dijo en su intervenci\u00f3n.<\/p>\n\n\n\n<p><strong>#ElGuanajuatenseVIP &#8211; <\/strong><a href=\"https:\/\/www.facebook.com\/ElGuanajuatenseVIP\/\">El Guanajuatense VIP<\/a><\/p>\n\n\n\n<p><\/p>\n","protected":false},"excerpt":{"rendered":"<p>#GobiernoDeGuanajuato.- La Universidad Polit\u00e9cnica de Juventino Rosas, perteneciente al subsistema de educaci\u00f3n superior de la Secretar\u00eda de Educaci\u00f3n de Guanajuato,<\/p>\n","protected":false},"author":7,"featured_media":7901,"comment_status":"open","ping_status":"open","sticky":false,"template":"","format":"standard","meta":{"colormag_page_container_layout":"default_layout","colormag_page_sidebar_layout":"default_layout","rop_custom_images_group":[],"rop_custom_messages_group":[],"rop_publish_now":"initial","rop_publish_now_accounts":{"facebook_100397929117741_105998571690021":""},"rop_publish_now_history":[],"rop_publish_now_status":"pending","footnotes":""},"categories":[25],"tags":[31,42,30,39,41],"class_list":["post-7900","post","type-post","status-publish","format-standard","has-post-thumbnail","hentry","category-ultima-hora","tag-diego-sinhue-rodriguez","tag-en-vivo","tag-guanajuato-gobierno-del-estado","tag-ultima-hora","tag-ultimo-minuto"],"_links":{"self":[{"href":"https:\/\/elguanajuatense.vip\/index.php?rest_route=\/wp\/v2\/posts\/7900","targetHints":{"allow":["GET"]}}],"collection":[{"href":"https:\/\/elguanajuatense.vip\/index.php?rest_route=\/wp\/v2\/posts"}],"about":[{"href":"https:\/\/elguanajuatense.vip\/index.php?rest_route=\/wp\/v2\/types\/post"}],"author":[{"embeddable":true,"href":"https:\/\/elguanajuatense.vip\/index.php?rest_route=\/wp\/v2\/users\/7"}],"replies":[{"embeddable":true,"href":"https:\/\/elguanajuatense.vip\/index.php?rest_route=%2Fwp%2Fv2%2Fcomments&post=7900"}],"version-history":[{"count":1,"href":"https:\/\/elguanajuatense.vip\/index.php?rest_route=\/wp\/v2\/posts\/7900\/revisions"}],"predecessor-version":[{"id":7902,"href":"https:\/\/elguanajuatense.vip\/index.php?rest_route=\/wp\/v2\/posts\/7900\/revisions\/7902"}],"wp:featuredmedia":[{"embeddable":true,"href":"https:\/\/elguanajuatense.vip\/index.php?rest_route=\/wp\/v2\/media\/7901"}],"wp:attachment":[{"href":"https:\/\/elguanajuatense.vip\/index.php?rest_route=%2Fwp%2Fv2%2Fmedia&parent=7900"}],"wp:term":[{"taxonomy":"category","embeddable":true,"href":"https:\/\/elguanajuatense.vip\/index.php?rest_route=%2Fwp%2Fv2%2Fcategories&post=7900"},{"taxonomy":"post_tag","embeddable":true,"href":"https:\/\/elguanajuatense.vip\/index.php?rest_route=%2Fwp%2Fv2%2Ftags&post=7900"}],"curies":[{"name":"wp","href":"https:\/\/api.w.org\/{rel}","templated":true}]}}