{"id":7936,"date":"2023-12-12T19:13:15","date_gmt":"2023-12-13T01:13:15","guid":{"rendered":"http:\/\/elguanajuatense.vip\/?p=7936"},"modified":"2023-12-12T19:13:15","modified_gmt":"2023-12-13T01:13:15","slug":"brinda-gobierno-municipal-de-silao-certeza-a-estudiantes-de-jardin-de-ninos-con-barda-carlitosgarciav-silaomunicipio","status":"publish","type":"post","link":"https:\/\/elguanajuatense.vip\/?p=7936","title":{"rendered":"Brinda Gobierno Municipal de Silao certeza a estudiantes de Jard\u00edn de Ni\u00f1os con barda \/ @carlitosgarciav @SilaoMunicipio >>>"},"content":{"rendered":"\n<p id=\"viewer-woq4s27054\"><strong>#Silao, #Gto.-<\/strong> Con la construcci\u00f3n de la barda perimetral del Jard\u00edn de Ni\u00f1os Melchor Ocampo de la comunidad de El Jitomatal, el Gobierno Municipal de Silao, garantiza que los estudiantes tengan espacios dignos y seguros para el aprendizaje.<\/p>\n\n\n\n<p id=\"viewer-a12p227057\">En la inauguraci\u00f3n de esta obra, el Presidente Municipal de Silao, Carlos Garc\u00eda Villase\u00f1or, enalteci\u00f3 la relevancia que tiene que los alumnos estudien en los espacios que ellos merecen.<\/p>\n\n\n\n<p id=\"viewer-c4e7u27059\">\u00a0\u00abSe trata de generar las condiciones suficientes y necesarias para este Jard\u00edn de Ni\u00f1os. Queremos que los ni\u00f1os de El Jitomatal salgan muy bien acad\u00e9micamente, porque la gente de aqu\u00ed del Jitomatal es muy buena\u00bb, se\u00f1al\u00f3.<\/p>\n\n\n\n<p id=\"viewer-ywcl027064\">\u00a0El Primer Edil destac\u00f3 que las obras que se est\u00e1n ejecutando en todo Silao, se efect\u00faan con constructores certificados, que las hacen con calidad para que perduren por a\u00f1os y en El Jitomatal no fue la excepci\u00f3n.<\/p>\n\n\n\n<p id=\"viewer-ywcl027064\">La edificaci\u00f3n de esta barda perimetral tuvo un costo de un mill\u00f3n 432 mil 159 pesos, con una inversi\u00f3n 100% municipal.<\/p>\n\n\n\n<p id=\"viewer-hot1627072\">\u00a0Adem\u00e1s de garantizar la seguridad de los alumnos, con esta barda se busca tambi\u00e9n resguardar los bienes materiales de la instituci\u00f3n.<\/p>\n\n\n\n<p><strong>#ElGuanajuatenseVIP &#8211; <\/strong><a href=\"https:\/\/www.facebook.com\/ElGuanajuatenseVIP\/\">El Guanajuatense VIP<\/a><\/p>\n","protected":false},"excerpt":{"rendered":"<p>#Silao, #Gto.- Con la construcci\u00f3n de la barda perimetral del Jard\u00edn de Ni\u00f1os Melchor Ocampo de la comunidad de El<\/p>\n","protected":false},"author":7,"featured_media":7937,"comment_status":"open","ping_status":"open","sticky":false,"template":"","format":"standard","meta":{"colormag_page_container_layout":"default_layout","colormag_page_sidebar_layout":"default_layout","rop_custom_images_group":[],"rop_custom_messages_group":[],"rop_publish_now":"initial","rop_publish_now_accounts":{"facebook_100397929117741_105998571690021":""},"rop_publish_now_history":[],"rop_publish_now_status":"pending","footnotes":""},"categories":[26],"tags":[89,42,88,39,41],"class_list":["post-7936","post","type-post","status-publish","format-standard","has-post-thumbnail","hentry","category-municipios","tag-carlos-garcia-villasenor","tag-en-vivo","tag-silao-municipio","tag-ultima-hora","tag-ultimo-minuto"],"_links":{"self":[{"href":"https:\/\/elguanajuatense.vip\/index.php?rest_route=\/wp\/v2\/posts\/7936","targetHints":{"allow":["GET"]}}],"collection":[{"href":"https:\/\/elguanajuatense.vip\/index.php?rest_route=\/wp\/v2\/posts"}],"about":[{"href":"https:\/\/elguanajuatense.vip\/index.php?rest_route=\/wp\/v2\/types\/post"}],"author":[{"embeddable":true,"href":"https:\/\/elguanajuatense.vip\/index.php?rest_route=\/wp\/v2\/users\/7"}],"replies":[{"embeddable":true,"href":"https:\/\/elguanajuatense.vip\/index.php?rest_route=%2Fwp%2Fv2%2Fcomments&post=7936"}],"version-history":[{"count":1,"href":"https:\/\/elguanajuatense.vip\/index.php?rest_route=\/wp\/v2\/posts\/7936\/revisions"}],"predecessor-version":[{"id":7938,"href":"https:\/\/elguanajuatense.vip\/index.php?rest_route=\/wp\/v2\/posts\/7936\/revisions\/7938"}],"wp:featuredmedia":[{"embeddable":true,"href":"https:\/\/elguanajuatense.vip\/index.php?rest_route=\/wp\/v2\/media\/7937"}],"wp:attachment":[{"href":"https:\/\/elguanajuatense.vip\/index.php?rest_route=%2Fwp%2Fv2%2Fmedia&parent=7936"}],"wp:term":[{"taxonomy":"category","embeddable":true,"href":"https:\/\/elguanajuatense.vip\/index.php?rest_route=%2Fwp%2Fv2%2Fcategories&post=7936"},{"taxonomy":"post_tag","embeddable":true,"href":"https:\/\/elguanajuatense.vip\/index.php?rest_route=%2Fwp%2Fv2%2Ftags&post=7936"}],"curies":[{"name":"wp","href":"https:\/\/api.w.org\/{rel}","templated":true}]}}