{"id":7985,"date":"2023-12-19T18:53:42","date_gmt":"2023-12-20T00:53:42","guid":{"rendered":"http:\/\/elguanajuatense.vip\/?p=7985"},"modified":"2023-12-19T18:53:44","modified_gmt":"2023-12-20T00:53:44","slug":"clausura-de-talleres-de-casa-de-la-cultura-isauro-rionda-arreguin-en-silao-carlitosgarciav-silaomunicipio","status":"publish","type":"post","link":"https:\/\/elguanajuatense.vip\/?p=7985","title":{"rendered":"Clausura de Talleres de Casa de la Cultura Isauro Rionda Arregu\u00edn en Silao \/ @carlitosgarciav @SilaoMunicipio >>>"},"content":{"rendered":"\n<p id=\"viewer-8476o\"><strong>#Silao, #Gto.- <\/strong>En las instalaciones del emblem\u00e1tico Teatro Silao de la Victoria, se vivi\u00f3 una noche vibrante y llena de talento durante la clausura de los talleres de la Casa de la Cultura \u00abIsauro Rionda Arregu\u00edn\u00bb. El evento, respaldado por el Gobierno Municipal, fue un testimonio del compromiso local con la cultura, el deporte y la educaci\u00f3n a trav\u00e9s del programa insignia La Triple H\u00e9lice.<\/p>\n\n\n\n<p id=\"viewer-0r3px3809\">Desde cautivadores bailables hasta emotivas presentaciones musicales con coros, la diversidad de actos art\u00edsticos dej\u00f3 a la audiencia maravillada. Adem\u00e1s, la exposici\u00f3n de dibujos y pinturas demostr\u00f3 la riqueza creativa cultivada en los talleres.<\/p>\n\n\n\n<p id=\"viewer-k7wvz3813\">Con el respaldo del Gobierno Municipal de Silao de la Victoria, esta celebraci\u00f3n no s\u00f3lo honr\u00f3 el talento de los participantes, sino que tambi\u00e9n destac\u00f3 el esfuerzo conjunto por promover y preservar las expresiones culturales en el municipio. Los cientos de alumnos participantes ofrecieron un espect\u00e1culo memorable y pusieron en alto el nombre de sus talleres, la Casa de la Cultura y Silao, proyect\u00e1ndose a nuevas alturas art\u00edsticas.<\/p>\n\n\n\n<p id=\"viewer-reyxi3817\">En esta clausura, la sinergia entre los silaoenses, la instituci\u00f3n cultural y el respaldo gubernamental fue evidente, subrayando la importancia de la colaboraci\u00f3n para fomentar el desarrollo cultural en Silao de la Victoria.<\/p>\n\n\n\n<p><strong>#ElGuanajuatenseVIP &#8211; <\/strong><a href=\"https:\/\/www.facebook.com\/ElGuanajuatenseVIP\/\">El Guanajuatense VIP<\/a><\/p>\n","protected":false},"excerpt":{"rendered":"<p>#Silao, #Gto.- En las instalaciones del emblem\u00e1tico Teatro Silao de la Victoria, se vivi\u00f3 una noche vibrante y llena de<\/p>\n","protected":false},"author":7,"featured_media":7986,"comment_status":"open","ping_status":"open","sticky":false,"template":"","format":"standard","meta":{"colormag_page_container_layout":"default_layout","colormag_page_sidebar_layout":"default_layout","rop_custom_images_group":[],"rop_custom_messages_group":[],"rop_publish_now":"initial","rop_publish_now_accounts":{"facebook_100397929117741_105998571690021":""},"rop_publish_now_history":[],"rop_publish_now_status":"pending","footnotes":""},"categories":[26],"tags":[89,42,88,39,41],"class_list":["post-7985","post","type-post","status-publish","format-standard","has-post-thumbnail","hentry","category-municipios","tag-carlos-garcia-villasenor","tag-en-vivo","tag-silao-municipio","tag-ultima-hora","tag-ultimo-minuto"],"_links":{"self":[{"href":"https:\/\/elguanajuatense.vip\/index.php?rest_route=\/wp\/v2\/posts\/7985","targetHints":{"allow":["GET"]}}],"collection":[{"href":"https:\/\/elguanajuatense.vip\/index.php?rest_route=\/wp\/v2\/posts"}],"about":[{"href":"https:\/\/elguanajuatense.vip\/index.php?rest_route=\/wp\/v2\/types\/post"}],"author":[{"embeddable":true,"href":"https:\/\/elguanajuatense.vip\/index.php?rest_route=\/wp\/v2\/users\/7"}],"replies":[{"embeddable":true,"href":"https:\/\/elguanajuatense.vip\/index.php?rest_route=%2Fwp%2Fv2%2Fcomments&post=7985"}],"version-history":[{"count":1,"href":"https:\/\/elguanajuatense.vip\/index.php?rest_route=\/wp\/v2\/posts\/7985\/revisions"}],"predecessor-version":[{"id":7987,"href":"https:\/\/elguanajuatense.vip\/index.php?rest_route=\/wp\/v2\/posts\/7985\/revisions\/7987"}],"wp:featuredmedia":[{"embeddable":true,"href":"https:\/\/elguanajuatense.vip\/index.php?rest_route=\/wp\/v2\/media\/7986"}],"wp:attachment":[{"href":"https:\/\/elguanajuatense.vip\/index.php?rest_route=%2Fwp%2Fv2%2Fmedia&parent=7985"}],"wp:term":[{"taxonomy":"category","embeddable":true,"href":"https:\/\/elguanajuatense.vip\/index.php?rest_route=%2Fwp%2Fv2%2Fcategories&post=7985"},{"taxonomy":"post_tag","embeddable":true,"href":"https:\/\/elguanajuatense.vip\/index.php?rest_route=%2Fwp%2Fv2%2Ftags&post=7985"}],"curies":[{"name":"wp","href":"https:\/\/api.w.org\/{rel}","templated":true}]}}