{"id":8160,"date":"2024-01-23T19:47:23","date_gmt":"2024-01-24T01:47:23","guid":{"rendered":"https:\/\/elguanajuatense.vip\/?p=8160"},"modified":"2024-01-23T19:47:24","modified_gmt":"2024-01-24T01:47:24","slug":"fortalecen-centros-de-desarrollo-comunitario-en-irapuato-lorenaalfarog-irapuatogob","status":"publish","type":"post","link":"https:\/\/elguanajuatense.vip\/?p=8160","title":{"rendered":"Fortalecen centros de desarrollo comunitario en Irapuato \/ @LorenaAlfaroG @irapuatogob >>>"},"content":{"rendered":"\n<p><strong>#Irapuato, #Gto.-<\/strong> Para generar espacios de convivencia y capacitaci\u00f3n que fortalezcan las habilidades de las y los ciudadanos, el Gobierno Local entreg\u00f3 equipo para los diferentes talleres en los cinco Centros de Desarrollo Comunitario (Cedecom).<\/p>\n\n\n\n<p>Margarita Mu\u00f1oz Carmona, vecina de la colonia Nuevo M\u00e9xico, opin\u00f3 que la inversi\u00f3n en la infraestructura y equipamiento de los Cedecom es importante pues ayuda a que la poblaci\u00f3n tenga espacios para ejercitarse y estar m\u00e1s sanos.<\/p>\n\n\n\n<p>\u201cMe parecen excelentes, est\u00e1n muy bien, le dan un aspecto muy agradable a Irapuato y pues, veo que le est\u00e1n invirtiendo, que los impuestos aqu\u00ed se est\u00e1n quedando y pues me gusta, me gusta porque me motiva a venir\u201d, destac\u00f3.<\/p>\n\n\n\n<p>Lorena Alfaro Garc\u00eda, presidenta de Irapuato, se\u00f1al\u00f3 que las puertas del Gobierno Municipal est\u00e1n abiertas para atender a la poblaci\u00f3n y anunci\u00f3 que lo mejor en atenci\u00f3n ciudadana est\u00e1 por venir.<\/p>\n\n\n\n<p><strong>#ElGuanajuatenseVIP &#8211; <\/strong><a href=\"https:\/\/www.facebook.com\/ElGuanajuatenseVIP\/\">El Guanajuatense VIP<\/a><\/p>\n","protected":false},"excerpt":{"rendered":"<p>#Irapuato, #Gto.- Para generar espacios de convivencia y capacitaci\u00f3n que fortalezcan las habilidades de las y los ciudadanos, el Gobierno<\/p>\n","protected":false},"author":7,"featured_media":8161,"comment_status":"open","ping_status":"open","sticky":false,"template":"","format":"standard","meta":{"colormag_page_container_layout":"default_layout","colormag_page_sidebar_layout":"default_layout","rop_custom_images_group":[],"rop_custom_messages_group":[],"rop_publish_now":"initial","rop_publish_now_accounts":{"facebook_100397929117741_105998571690021":""},"rop_publish_now_history":[],"rop_publish_now_status":"pending","footnotes":""},"categories":[28],"tags":[42,58,57,39,41],"class_list":["post-8160","post","type-post","status-publish","format-standard","has-post-thumbnail","hentry","category-alcaldesas","tag-en-vivo","tag-irapuato","tag-lorena-alfaro-garcia","tag-ultima-hora","tag-ultimo-minuto"],"_links":{"self":[{"href":"https:\/\/elguanajuatense.vip\/index.php?rest_route=\/wp\/v2\/posts\/8160","targetHints":{"allow":["GET"]}}],"collection":[{"href":"https:\/\/elguanajuatense.vip\/index.php?rest_route=\/wp\/v2\/posts"}],"about":[{"href":"https:\/\/elguanajuatense.vip\/index.php?rest_route=\/wp\/v2\/types\/post"}],"author":[{"embeddable":true,"href":"https:\/\/elguanajuatense.vip\/index.php?rest_route=\/wp\/v2\/users\/7"}],"replies":[{"embeddable":true,"href":"https:\/\/elguanajuatense.vip\/index.php?rest_route=%2Fwp%2Fv2%2Fcomments&post=8160"}],"version-history":[{"count":1,"href":"https:\/\/elguanajuatense.vip\/index.php?rest_route=\/wp\/v2\/posts\/8160\/revisions"}],"predecessor-version":[{"id":8162,"href":"https:\/\/elguanajuatense.vip\/index.php?rest_route=\/wp\/v2\/posts\/8160\/revisions\/8162"}],"wp:featuredmedia":[{"embeddable":true,"href":"https:\/\/elguanajuatense.vip\/index.php?rest_route=\/wp\/v2\/media\/8161"}],"wp:attachment":[{"href":"https:\/\/elguanajuatense.vip\/index.php?rest_route=%2Fwp%2Fv2%2Fmedia&parent=8160"}],"wp:term":[{"taxonomy":"category","embeddable":true,"href":"https:\/\/elguanajuatense.vip\/index.php?rest_route=%2Fwp%2Fv2%2Fcategories&post=8160"},{"taxonomy":"post_tag","embeddable":true,"href":"https:\/\/elguanajuatense.vip\/index.php?rest_route=%2Fwp%2Fv2%2Ftags&post=8160"}],"curies":[{"name":"wp","href":"https:\/\/api.w.org\/{rel}","templated":true}]}}