{"id":8170,"date":"2024-01-23T18:39:00","date_gmt":"2024-01-24T00:39:00","guid":{"rendered":"https:\/\/elguanajuatense.vip\/?p=8170"},"modified":"2024-02-06T17:57:48","modified_gmt":"2024-02-06T23:57:48","slug":"banda-musical-de-sedena-sorprende-a-habitantes-de-san-miguel-de-allende-mauriciotrejop-gobmunicipalsma","status":"publish","type":"post","link":"https:\/\/elguanajuatense.vip\/?p=8170","title":{"rendered":"Banda Musical de Sedena sorprende a habitantes de San Miguel de Allende \/ @MauricioTrejoP @GobMunicipalSMA >>>"},"content":{"rendered":"\n<p class=\"wp-block-paragraph\" id=\"viewer-wox0o1843\"><strong>#SanMiguelDeAllende, #Gto.-<\/strong> Con una presentaci\u00f3n sorpresa y en un ambiente agradable y pac\u00edfico, la Banda de M\u00fasica de la XII Regi\u00f3n Militar ameniz\u00f3 a los sanmiguelenses.<\/p>\n\n\n\n<p class=\"wp-block-paragraph\" id=\"viewer-1kk4i1951\">Desde la plaza La Luci\u00e9rnaga, la banda de m\u00fasica a cargo de la Secretar\u00eda de la Defensa Nacional (Sedena) sorprendi\u00f3 a los presentes al llegar con las mejores melod\u00edas de una tarde de viernes.<\/p>\n\n\n\n<p class=\"wp-block-paragraph\" id=\"viewer-894ps2009\">La Banda de M\u00fasica de la XII Regi\u00f3n Militar, proveniente de Irapuato, se present\u00f3 en San Miguel de Allende, ante ciudadanos que se encontraban en dicha plaza y quienes bailaron, cantaron y disfrutaron de un espect\u00e1culo digno de la m\u00fasica regional mexicana.<\/p>\n\n\n\n<p class=\"wp-block-paragraph\" id=\"viewer-v2vmr2073\">Comenzando con la presencia de una flautista, uno a uno comenzaron a hacer acto de presencia el personal de la Sedena, hasta presentar una agrupaci\u00f3n de m\u00fasicos en <em>\u00abflashmob\u00bb<\/em>.<\/p>\n\n\n\n<p class=\"wp-block-paragraph\" id=\"viewer-9afpg2145\">Fue as\u00ed que los locales y turistas vivieron una tarde maravillosa, con un evento sorpresa en que mostr\u00f3 que m\u00e1s all\u00e1 de la disciplina mostrada, los elementos de la Sedena cuentan con un talento art\u00edstico que sorprendi\u00f3 a m\u00e1s de uno.<\/p>\n\n\n\n<p class=\"wp-block-paragraph\" id=\"viewer-lqyjh2221\">Innovando en sus eventos, el Gobierno sanmiguelense sigue amenizando las tardes de la ciudadan\u00eda, con presentaciones musicales al aire libre en los estudios p\u00fablicos y en familia se viven mejor cada d\u00eda.<\/p>\n\n\n\n<p class=\"wp-block-paragraph\"><strong>#ElGuanajuatenseVIP &#8211; <\/strong><a href=\"https:\/\/www.facebook.com\/ElGuanajuatenseVIP\/\">El Guanajuatense VIP<\/a><\/p>\n","protected":false},"excerpt":{"rendered":"<p>#SanMiguelDeAllende, #Gto.- Con una presentaci\u00f3n sorpresa y en un ambiente agradable y pac\u00edfico, la Banda de M\u00fasica de la XII<\/p>\n","protected":false},"author":7,"featured_media":8171,"comment_status":"open","ping_status":"open","sticky":false,"template":"","format":"standard","meta":{"colormag_page_container_layout":"default_layout","colormag_page_sidebar_layout":"default_layout","rop_custom_images_group":[],"rop_custom_messages_group":[],"rop_publish_now":"initial","rop_publish_now_accounts":{"facebook_100397929117741_105998571690021":""},"rop_publish_now_history":[],"rop_publish_now_status":"pending","footnotes":""},"categories":[27],"tags":[42,67,66,39,41],"class_list":["post-8170","post","type-post","status-publish","format-standard","has-post-thumbnail","hentry","category-municipios-destacados","tag-en-vivo","tag-mauricio-trejo-pureco","tag-san-miguel-de-allende","tag-ultima-hora","tag-ultimo-minuto"],"_links":{"self":[{"href":"https:\/\/elguanajuatense.vip\/index.php?rest_route=\/wp\/v2\/posts\/8170","targetHints":{"allow":["GET"]}}],"collection":[{"href":"https:\/\/elguanajuatense.vip\/index.php?rest_route=\/wp\/v2\/posts"}],"about":[{"href":"https:\/\/elguanajuatense.vip\/index.php?rest_route=\/wp\/v2\/types\/post"}],"author":[{"embeddable":true,"href":"https:\/\/elguanajuatense.vip\/index.php?rest_route=\/wp\/v2\/users\/7"}],"replies":[{"embeddable":true,"href":"https:\/\/elguanajuatense.vip\/index.php?rest_route=%2Fwp%2Fv2%2Fcomments&post=8170"}],"version-history":[{"count":1,"href":"https:\/\/elguanajuatense.vip\/index.php?rest_route=\/wp\/v2\/posts\/8170\/revisions"}],"predecessor-version":[{"id":8172,"href":"https:\/\/elguanajuatense.vip\/index.php?rest_route=\/wp\/v2\/posts\/8170\/revisions\/8172"}],"wp:featuredmedia":[{"embeddable":true,"href":"https:\/\/elguanajuatense.vip\/index.php?rest_route=\/wp\/v2\/media\/8171"}],"wp:attachment":[{"href":"https:\/\/elguanajuatense.vip\/index.php?rest_route=%2Fwp%2Fv2%2Fmedia&parent=8170"}],"wp:term":[{"taxonomy":"category","embeddable":true,"href":"https:\/\/elguanajuatense.vip\/index.php?rest_route=%2Fwp%2Fv2%2Fcategories&post=8170"},{"taxonomy":"post_tag","embeddable":true,"href":"https:\/\/elguanajuatense.vip\/index.php?rest_route=%2Fwp%2Fv2%2Ftags&post=8170"}],"curies":[{"name":"wp","href":"https:\/\/api.w.org\/{rel}","templated":true}]}}