{"id":8188,"date":"2024-02-01T18:28:12","date_gmt":"2024-02-02T00:28:12","guid":{"rendered":"https:\/\/elguanajuatense.vip\/?p=8188"},"modified":"2024-02-01T18:28:12","modified_gmt":"2024-02-02T00:28:12","slug":"el-presidente-municipal-de-salamanca-realiza-compromiso-de-concurrencia-de-recursos-con-ferromex-jcesarprieto-gobsalamanca","status":"publish","type":"post","link":"https:\/\/elguanajuatense.vip\/?p=8188","title":{"rendered":"El presidente municipal de Salamanca realiza compromiso de concurrencia de recursos con Ferromex \/ @JCesarPrieto @GobSalamanca >>>"},"content":{"rendered":"\n<p><strong>#Salamanca, #Gto.- <\/strong>El Presidente Municipal, C\u00e9sar Prieto, particip\u00f3 en un recorrido en la Avenida H\u00e9roes de Cananea junto con el personal de FERROMEX, fortaleciendo as\u00ed la colaboraci\u00f3n entre el Gobierno Municipal y la empresa ferroviaria.<\/p>\n\n\n\n<p>Durante la visita, el presidente C\u00e9sar Prieto destac\u00f3 la importancia de la coordinaci\u00f3n entre ambas partes para impulsar proyectos y acciones que beneficien a la comunidad salmantina. En este contexto, se formaliz\u00f3 un compromiso de concurrencia de recursos, consolidando una alianza estrat\u00e9gica que permitir\u00e1 llevar a cabo iniciativas conjuntas en beneficio del desarrollo local.<\/p>\n\n\n\n<p>Este compromiso refleja el inter\u00e9s y la disposici\u00f3n del Presidente C\u00e9sar Prieto por fortalecer la colaboraci\u00f3n en pro de Salamanca.<\/p>\n\n\n\n<p>Se espera que este trabajo conjunto genere impactos positivos en diversas \u00e1reas, contribuyendo al progreso y bienestar de la comunidad.<\/p>\n\n\n\n<p>El Gobierno Municipal continuar\u00e1 trabajando arduamente para desarrollar proyectos que impulsen el crecimiento econ\u00f3mico y social de Salamanca, reafirmando su compromiso con el desarrollo sostenible y la mejora continua de la calidad de vida de los ciudadanos.<\/p>\n\n\n\n<p><strong>#ElGuanajuatenseVIP &#8211; <\/strong><a href=\"https:\/\/www.facebook.com\/ElGuanajuatenseVIP\/\">El Guanajuatense VIP<\/a><\/p>\n","protected":false},"excerpt":{"rendered":"<p>#Salamanca, #Gto.- El Presidente Municipal, C\u00e9sar Prieto, particip\u00f3 en un recorrido en la Avenida H\u00e9roes de Cananea junto con el<\/p>\n","protected":false},"author":7,"featured_media":8189,"comment_status":"open","ping_status":"open","sticky":false,"template":"","format":"standard","meta":{"colormag_page_container_layout":"default_layout","colormag_page_sidebar_layout":"default_layout","rop_custom_images_group":[],"rop_custom_messages_group":[],"rop_publish_now":"initial","rop_publish_now_accounts":{"facebook_100397929117741_105998571690021":""},"rop_publish_now_history":[],"rop_publish_now_status":"pending","footnotes":""},"categories":[27],"tags":[85,42,86,39,41],"class_list":["post-8188","post","type-post","status-publish","format-standard","has-post-thumbnail","hentry","category-municipios-destacados","tag-cesar-prieto-gallardo","tag-en-vivo","tag-presidencia-municipal-de-salamanca","tag-ultima-hora","tag-ultimo-minuto"],"_links":{"self":[{"href":"https:\/\/elguanajuatense.vip\/index.php?rest_route=\/wp\/v2\/posts\/8188","targetHints":{"allow":["GET"]}}],"collection":[{"href":"https:\/\/elguanajuatense.vip\/index.php?rest_route=\/wp\/v2\/posts"}],"about":[{"href":"https:\/\/elguanajuatense.vip\/index.php?rest_route=\/wp\/v2\/types\/post"}],"author":[{"embeddable":true,"href":"https:\/\/elguanajuatense.vip\/index.php?rest_route=\/wp\/v2\/users\/7"}],"replies":[{"embeddable":true,"href":"https:\/\/elguanajuatense.vip\/index.php?rest_route=%2Fwp%2Fv2%2Fcomments&post=8188"}],"version-history":[{"count":1,"href":"https:\/\/elguanajuatense.vip\/index.php?rest_route=\/wp\/v2\/posts\/8188\/revisions"}],"predecessor-version":[{"id":8190,"href":"https:\/\/elguanajuatense.vip\/index.php?rest_route=\/wp\/v2\/posts\/8188\/revisions\/8190"}],"wp:featuredmedia":[{"embeddable":true,"href":"https:\/\/elguanajuatense.vip\/index.php?rest_route=\/wp\/v2\/media\/8189"}],"wp:attachment":[{"href":"https:\/\/elguanajuatense.vip\/index.php?rest_route=%2Fwp%2Fv2%2Fmedia&parent=8188"}],"wp:term":[{"taxonomy":"category","embeddable":true,"href":"https:\/\/elguanajuatense.vip\/index.php?rest_route=%2Fwp%2Fv2%2Fcategories&post=8188"},{"taxonomy":"post_tag","embeddable":true,"href":"https:\/\/elguanajuatense.vip\/index.php?rest_route=%2Fwp%2Fv2%2Ftags&post=8188"}],"curies":[{"name":"wp","href":"https:\/\/api.w.org\/{rel}","templated":true}]}}