{"id":8206,"date":"2024-02-06T17:26:29","date_gmt":"2024-02-06T23:26:29","guid":{"rendered":"https:\/\/elguanajuatense.vip\/?p=8206"},"modified":"2024-02-06T17:26:31","modified_gmt":"2024-02-06T23:26:31","slug":"comienza-la-feria-de-la-candelaria-en-san-miguel-de-allende-mauriciotrejop-gobmunicipalsma","status":"publish","type":"post","link":"https:\/\/elguanajuatense.vip\/?p=8206","title":{"rendered":"Comienza la Feria de la Candelaria en San Miguel de Allende \/ @MauricioTrejoP @GobMunicipalSMA >>>"},"content":{"rendered":"\n<p id=\"viewer-fa27y42\"><strong>#SanMiguelDeAllende, #Gto.- <\/strong>Con un acto inaugural amenizado por m\u00fasica jazz, el Gobierno Municipal inaugur\u00f3 la 68.a edici\u00f3n de la Feria de la Candelaria.<\/p>\n\n\n\n<p id=\"viewer-fa27y42\">Siguiendo la l\u00ednea del presidente Mauricio Trejo de enaltecer las tradiciones sanmiguelenses, la direcci\u00f3n de Medio Ambiente y Sustentabilidad prepar\u00f3 una noche llena de colores, olores y alegr\u00eda desde el parque Benito Ju\u00e1rez, lugar que por tercer a\u00f1o consecutivo es sede de esta festividad.<\/p>\n\n\n\n<p id=\"viewer-fa27y42\">Marcando el inicio de la edici\u00f3n 68, cientos de personas se reunieron en este emblem\u00e1tico lugar, para disfrutar de un maravilloso inicio de feria, en la cual, la Jazzatlan Big Band se encarg\u00f3 de poner a bailar a los presentes. Una vez concluida la m\u00fasica en vivo, y como cada a\u00f1o, se llev\u00f3 a cabo la Tradicional Bendici\u00f3n de la Santa Cruz del Parque, cerrando una noche m\u00e1gica.<\/p>\n\n\n\n<p id=\"viewer-fa27y42\">En representaci\u00f3n del alcalde, Mauricio Trejo, el director de Medio Ambiente y Sustentabilidad, Alejandro Castro, mencion\u00f3 que es una feria de sanmiguelenses para sanmiguelenses: \u00abEl presidente municipal nos ha pedido que regresemos a nuestras tradiciones. \u00c9l (Mauricio Trejo), lo dec\u00eda en su momento, volver a los buenos tiempos y esto es volver a los buenos tiempos, regresarles el parque, que se apropien de \u00e9l, que lo disfruten, que disfruten esta Feria de la Candelaria\u00bb.<\/p>\n\n\n\n<p id=\"viewer-fa27y42\">Acompa\u00f1ando a Castro L\u00f3pez, el director de Cultura y Tradiciones, Acacio Mart\u00ednez, se\u00f1al\u00f3 que ir a buscar al parque algunas plantas para llevarlas a casa es una bella tradici\u00f3n sanmiguelense, que representa parte de amar y respetar la vida.<\/p>\n\n\n\n<p><strong>#ElGuanajuatenseVIP &#8211; <\/strong><a href=\"https:\/\/www.facebook.com\/ElGuanajuatenseVIP\/\">El Guanajuatense VIP<\/a><\/p>\n","protected":false},"excerpt":{"rendered":"<p>#SanMiguelDeAllende, #Gto.- Con un acto inaugural amenizado por m\u00fasica jazz, el Gobierno Municipal inaugur\u00f3 la 68.a edici\u00f3n de la Feria<\/p>\n","protected":false},"author":7,"featured_media":8207,"comment_status":"open","ping_status":"open","sticky":false,"template":"","format":"standard","meta":{"colormag_page_container_layout":"default_layout","colormag_page_sidebar_layout":"default_layout","rop_custom_images_group":[],"rop_custom_messages_group":[],"rop_publish_now":"initial","rop_publish_now_accounts":{"facebook_100397929117741_105998571690021":""},"rop_publish_now_history":[],"rop_publish_now_status":"pending","footnotes":""},"categories":[27],"tags":[42,67,66,39,41],"class_list":["post-8206","post","type-post","status-publish","format-standard","has-post-thumbnail","hentry","category-municipios-destacados","tag-en-vivo","tag-mauricio-trejo-pureco","tag-san-miguel-de-allende","tag-ultima-hora","tag-ultimo-minuto"],"_links":{"self":[{"href":"https:\/\/elguanajuatense.vip\/index.php?rest_route=\/wp\/v2\/posts\/8206","targetHints":{"allow":["GET"]}}],"collection":[{"href":"https:\/\/elguanajuatense.vip\/index.php?rest_route=\/wp\/v2\/posts"}],"about":[{"href":"https:\/\/elguanajuatense.vip\/index.php?rest_route=\/wp\/v2\/types\/post"}],"author":[{"embeddable":true,"href":"https:\/\/elguanajuatense.vip\/index.php?rest_route=\/wp\/v2\/users\/7"}],"replies":[{"embeddable":true,"href":"https:\/\/elguanajuatense.vip\/index.php?rest_route=%2Fwp%2Fv2%2Fcomments&post=8206"}],"version-history":[{"count":1,"href":"https:\/\/elguanajuatense.vip\/index.php?rest_route=\/wp\/v2\/posts\/8206\/revisions"}],"predecessor-version":[{"id":8208,"href":"https:\/\/elguanajuatense.vip\/index.php?rest_route=\/wp\/v2\/posts\/8206\/revisions\/8208"}],"wp:featuredmedia":[{"embeddable":true,"href":"https:\/\/elguanajuatense.vip\/index.php?rest_route=\/wp\/v2\/media\/8207"}],"wp:attachment":[{"href":"https:\/\/elguanajuatense.vip\/index.php?rest_route=%2Fwp%2Fv2%2Fmedia&parent=8206"}],"wp:term":[{"taxonomy":"category","embeddable":true,"href":"https:\/\/elguanajuatense.vip\/index.php?rest_route=%2Fwp%2Fv2%2Fcategories&post=8206"},{"taxonomy":"post_tag","embeddable":true,"href":"https:\/\/elguanajuatense.vip\/index.php?rest_route=%2Fwp%2Fv2%2Ftags&post=8206"}],"curies":[{"name":"wp","href":"https:\/\/api.w.org\/{rel}","templated":true}]}}