{"id":8223,"date":"2024-02-06T17:56:39","date_gmt":"2024-02-06T23:56:39","guid":{"rendered":"https:\/\/elguanajuatense.vip\/?p=8223"},"modified":"2024-02-06T17:56:40","modified_gmt":"2024-02-06T23:56:40","slug":"dif-estatal-garantiza-asistencia-social-con-perspectiva-de-derechos-humanos-genero-y-familia-difgto","status":"publish","type":"post","link":"https:\/\/elguanajuatense.vip\/?p=8223","title":{"rendered":"DIF Estatal garantiza Asistencia Social con perspectiva de Derechos Humanos, G\u00e9nero y Familia \/ @difgto >>>"},"content":{"rendered":"\n<p><strong>#DIF.- <\/strong>A partir del 4 de enero, se public\u00f3 la nueva legislaci\u00f3n de la Ley de Asistencia Social y Fortalecimiento Familiar para el Estado de Guanajuato, en el que crea y organiza jur\u00eddicamente al Sistema para el Desarrollo Integral de la Familia del Estado de Guanajuato<\/p>\n\n\n\n<p>La antigua legislaci\u00f3n estatal en materia de asistencia social, obedec\u00eda a un modelo normativo que fue superado hace casi 20 a\u00f1os; lo que generaba algunos problemas de la hoy derogada Ley, como es la ausencia de principios, reglas y procedimientos que garanticen que la asistencia social, y componente de los derechos a la salud, a la seguridad social y derechos humanos.<\/p>\n\n\n\n<p>De esta manera, la nueva Ley transforma el sistema de asistencia social para garantizar los beneficios a las familias de Guanajuato. Con ello, busca dignificarla, para erradicar la estigmatizaci\u00f3n, adem\u00e1s de incorporar los principios en la intervenci\u00f3n asistenciales y los principios de dignidad humana.<\/p>\n\n\n\n<p>Asimismo, se fortalece a las familias con competencias, habilidades y recursos a efecto de potenciarlas; para ello, se incorporan principios como la planificaci\u00f3n, subsidiariedad, temporalidad y fortalezas para evitar brindar apoyo o asistencia a la misma familia y puede resolver con sus recursos, tanto materiales como psicosociales o por m\u00e1s tiempo del necesario.<\/p>\n\n\n\n<p>Adem\u00e1s, de mantener un enfoque de derechos humanos, de g\u00e9nero y de familia, as\u00ed como, se presta la asistencia social no puede ser discrecional ni con un enfoque en la caridad, sino que est\u00e1 sujeta a un conjunto de principios y reglas establecidas por el marco jur\u00eddico en materia de derechos humanos y por las ciencias del desarrollo humano.<\/p>\n\n\n\n<p>Con ello, garantizamos que llegue a qui\u00e9n m\u00e1s lo necesita, particularmente dar prioridad a las ni\u00f1as, ni\u00f1os y adolescentes sin cuidados parentales, las personas adultas mayores en situaci\u00f3n de desamparo, las personas con discapacidad en situaci\u00f3n de pobreza o vulnerabilidad y las familias de estr\u00e9s m\u00faltiple.<\/p>\n\n\n\n<p><strong>#ElGuanajuatenseVIP &#8211; <\/strong><a href=\"https:\/\/www.facebook.com\/ElGuanajuatenseVIP\/\">El Guanajuatense VIP<\/a><\/p>\n\n\n\n<p><\/p>\n\n\n\n<p><\/p>\n","protected":false},"excerpt":{"rendered":"<p>#DIF.- A partir del 4 de enero, se public\u00f3 la nueva legislaci\u00f3n de la Ley de Asistencia Social y Fortalecimiento<\/p>\n","protected":false},"author":7,"featured_media":8224,"comment_status":"open","ping_status":"open","sticky":false,"template":"","format":"standard","meta":{"colormag_page_container_layout":"default_layout","colormag_page_sidebar_layout":"default_layout","rop_custom_images_group":[],"rop_custom_messages_group":[],"rop_publish_now":"initial","rop_publish_now_accounts":{"facebook_100397929117741_105998571690021":""},"rop_publish_now_history":[],"rop_publish_now_status":"pending","footnotes":""},"categories":[169],"tags":[172,42,39,41],"class_list":["post-8223","post","type-post","status-publish","format-standard","has-post-thumbnail","hentry","category-dif","tag-dif-estatal-guanajuato","tag-en-vivo","tag-ultima-hora","tag-ultimo-minuto"],"_links":{"self":[{"href":"https:\/\/elguanajuatense.vip\/index.php?rest_route=\/wp\/v2\/posts\/8223","targetHints":{"allow":["GET"]}}],"collection":[{"href":"https:\/\/elguanajuatense.vip\/index.php?rest_route=\/wp\/v2\/posts"}],"about":[{"href":"https:\/\/elguanajuatense.vip\/index.php?rest_route=\/wp\/v2\/types\/post"}],"author":[{"embeddable":true,"href":"https:\/\/elguanajuatense.vip\/index.php?rest_route=\/wp\/v2\/users\/7"}],"replies":[{"embeddable":true,"href":"https:\/\/elguanajuatense.vip\/index.php?rest_route=%2Fwp%2Fv2%2Fcomments&post=8223"}],"version-history":[{"count":1,"href":"https:\/\/elguanajuatense.vip\/index.php?rest_route=\/wp\/v2\/posts\/8223\/revisions"}],"predecessor-version":[{"id":8225,"href":"https:\/\/elguanajuatense.vip\/index.php?rest_route=\/wp\/v2\/posts\/8223\/revisions\/8225"}],"wp:featuredmedia":[{"embeddable":true,"href":"https:\/\/elguanajuatense.vip\/index.php?rest_route=\/wp\/v2\/media\/8224"}],"wp:attachment":[{"href":"https:\/\/elguanajuatense.vip\/index.php?rest_route=%2Fwp%2Fv2%2Fmedia&parent=8223"}],"wp:term":[{"taxonomy":"category","embeddable":true,"href":"https:\/\/elguanajuatense.vip\/index.php?rest_route=%2Fwp%2Fv2%2Fcategories&post=8223"},{"taxonomy":"post_tag","embeddable":true,"href":"https:\/\/elguanajuatense.vip\/index.php?rest_route=%2Fwp%2Fv2%2Ftags&post=8223"}],"curies":[{"name":"wp","href":"https:\/\/api.w.org\/{rel}","templated":true}]}}