{"id":8241,"date":"2024-02-08T17:58:40","date_gmt":"2024-02-08T23:58:40","guid":{"rendered":"https:\/\/elguanajuatense.vip\/?p=8241"},"modified":"2024-02-09T15:15:28","modified_gmt":"2024-02-09T21:15:28","slug":"iluminan-torre-y-cupula-del-templo-de-la-tercera-orden-en-irapuato-lorenaalfarog-irapuatogob","status":"publish","type":"post","link":"https:\/\/elguanajuatense.vip\/?p=8241","title":{"rendered":"Iluminan torre y c\u00fapula del templo de la Tercera Orden, en Irapuato \/ @LorenaAlfaroG @irapuatogob >>>"},"content":{"rendered":"\n<p><strong>#Irapuato, #Gto.-<\/strong> Para continuar con las actividades del Festival de la Ciudad para celebrar los 477 a\u00f1os de la fundaci\u00f3n de Irapuato, autoridades del Gobierno Local hicieron el encendido de la iluminaci\u00f3n esc\u00e9nica de la torre y c\u00fapula del templo de la Tercera Orden, ubicado en el Centro de la Ciudad.<\/p>\n\n\n\n<p>Lorena Alfaro Garc\u00eda, presidenta municipal, destac\u00f3 la importancia de generar estas acciones, con las cuales se da continuidad al embellecimiento del primer cuadro, pues llenar de luz estos edificios hist\u00f3ricos ofrece una mejor imagen urbana para quienes visitan el coraz\u00f3n de la ciudad.<\/p>\n\n\n\n<p>\u201cEn este Festival de la Ciudad que hoy estamos viviendo, que inici\u00f3 el 2 de febrero y termina el 15 de febrero, hemos estado realizando muchas actividades para el disfrute de las familias de Irapuato, conciertos como el que vivimos con Alejandra Guzm\u00e1n el s\u00e1bado pasado, pero tambi\u00e9n lo hemos hecho con recorridos tur\u00edsticos\u201d, mencion\u00f3.<\/p>\n\n\n\n<p>En representaci\u00f3n de la Orden Franciscana Menor, el padre guardi\u00e1n del Templo del Convento, Fray Ra\u00fal Hern\u00e1ndez, agradeci\u00f3 a las autoridades voltear a ver estos edificios antiguos, en especial el Templo de la Tercer Orden, el cual adem\u00e1s de tener iluminada su torre, tambi\u00e9n recibi\u00f3 limpieza de la cantera en la fachada y se coloc\u00f3 nueva pintura para que luzca mejor.<\/p>\n\n\n\n<p><strong>#ElGuanajuatenseVIP &#8211; <\/strong><a href=\"https:\/\/www.facebook.com\/ElGuanajuatenseVIP\/\">El Guanajuatense VIP<\/a><\/p>\n","protected":false},"excerpt":{"rendered":"<p>#Irapuato, #Gto.- Para continuar con las actividades del Festival de la Ciudad para celebrar los 477 a\u00f1os de la fundaci\u00f3n<\/p>\n","protected":false},"author":7,"featured_media":8242,"comment_status":"open","ping_status":"open","sticky":false,"template":"","format":"standard","meta":{"colormag_page_container_layout":"default_layout","colormag_page_sidebar_layout":"default_layout","rop_custom_images_group":[],"rop_custom_messages_group":[],"rop_publish_now":"initial","rop_publish_now_accounts":{"facebook_100397929117741_105998571690021":""},"rop_publish_now_history":[],"rop_publish_now_status":"pending","footnotes":""},"categories":[28],"tags":[42,59,57,39,41],"class_list":["post-8241","post","type-post","status-publish","format-standard","has-post-thumbnail","hentry","category-alcaldesas","tag-en-vivo","tag-gobierno-de-irapuato","tag-lorena-alfaro-garcia","tag-ultima-hora","tag-ultimo-minuto"],"_links":{"self":[{"href":"https:\/\/elguanajuatense.vip\/index.php?rest_route=\/wp\/v2\/posts\/8241","targetHints":{"allow":["GET"]}}],"collection":[{"href":"https:\/\/elguanajuatense.vip\/index.php?rest_route=\/wp\/v2\/posts"}],"about":[{"href":"https:\/\/elguanajuatense.vip\/index.php?rest_route=\/wp\/v2\/types\/post"}],"author":[{"embeddable":true,"href":"https:\/\/elguanajuatense.vip\/index.php?rest_route=\/wp\/v2\/users\/7"}],"replies":[{"embeddable":true,"href":"https:\/\/elguanajuatense.vip\/index.php?rest_route=%2Fwp%2Fv2%2Fcomments&post=8241"}],"version-history":[{"count":2,"href":"https:\/\/elguanajuatense.vip\/index.php?rest_route=\/wp\/v2\/posts\/8241\/revisions"}],"predecessor-version":[{"id":8245,"href":"https:\/\/elguanajuatense.vip\/index.php?rest_route=\/wp\/v2\/posts\/8241\/revisions\/8245"}],"wp:featuredmedia":[{"embeddable":true,"href":"https:\/\/elguanajuatense.vip\/index.php?rest_route=\/wp\/v2\/media\/8242"}],"wp:attachment":[{"href":"https:\/\/elguanajuatense.vip\/index.php?rest_route=%2Fwp%2Fv2%2Fmedia&parent=8241"}],"wp:term":[{"taxonomy":"category","embeddable":true,"href":"https:\/\/elguanajuatense.vip\/index.php?rest_route=%2Fwp%2Fv2%2Fcategories&post=8241"},{"taxonomy":"post_tag","embeddable":true,"href":"https:\/\/elguanajuatense.vip\/index.php?rest_route=%2Fwp%2Fv2%2Ftags&post=8241"}],"curies":[{"name":"wp","href":"https:\/\/api.w.org\/{rel}","templated":true}]}}