{"id":8526,"date":"2024-04-16T20:18:15","date_gmt":"2024-04-17T02:18:15","guid":{"rendered":"https:\/\/elguanajuatense.vip\/?p=8526"},"modified":"2024-04-16T20:19:32","modified_gmt":"2024-04-17T02:19:32","slug":"invita-coparmex-leon-a-libia-dennise-para-exponer-y-debatir-propuestas-en-beneficio-del-estado-gobiernogto","status":"publish","type":"post","link":"https:\/\/elguanajuatense.vip\/?p=8526","title":{"rendered":"Invita COPARMEX LE\u00d3N a Libia Dennise\u00a0para exponer y debatir propuestas en beneficio del Estado \/ @gobiernogto >>>"},"content":{"rendered":"\n<p><strong>#GobiernoDeGuanajuato.- <\/strong>La candidata a gobernadora Libia Dennise asisti\u00f3 a la COPARMEX LE\u00d3N para exponer y debatir propuestas en beneficio del Estado, resaltando su compromiso con la transparencia y participaci\u00f3n ciudadana.<\/p>\n\n\n\n<p>\u00ab\u00a1Gracias COPARMEX LE\u00d3N! por la invitaci\u00f3n para debatir propuestas que abonan a la democracia en nuestro estado \u00bb coment\u00f3 la Candidata.<\/p>\n\n\n\n<p><strong>#ElGuanajuatenseVIP &#8211; <\/strong><a href=\"https:\/\/www.facebook.com\/ElGuanajuatenseVIP\/\">El Guanajuatense VIP<\/a><\/p>\n","protected":false},"excerpt":{"rendered":"<p>#GobiernoDeGuanajuato.- La candidata a gobernadora Libia Dennise asisti\u00f3 a la COPARMEX LE\u00d3N para exponer y debatir propuestas en beneficio del<\/p>\n","protected":false},"author":7,"featured_media":8527,"comment_status":"open","ping_status":"open","sticky":false,"template":"","format":"standard","meta":{"colormag_page_container_layout":"default_layout","colormag_page_sidebar_layout":"default_layout","rop_custom_images_group":[],"rop_custom_messages_group":[],"rop_publish_now":"initial","rop_publish_now_accounts":{"facebook_100397929117741_105998571690021":""},"rop_publish_now_history":[],"rop_publish_now_status":"pending","footnotes":""},"categories":[7],"tags":[42,30,39,41],"class_list":["post-8526","post","type-post","status-publish","format-standard","has-post-thumbnail","hentry","category-principales","tag-en-vivo","tag-guanajuato-gobierno-del-estado","tag-ultima-hora","tag-ultimo-minuto"],"_links":{"self":[{"href":"https:\/\/elguanajuatense.vip\/index.php?rest_route=\/wp\/v2\/posts\/8526","targetHints":{"allow":["GET"]}}],"collection":[{"href":"https:\/\/elguanajuatense.vip\/index.php?rest_route=\/wp\/v2\/posts"}],"about":[{"href":"https:\/\/elguanajuatense.vip\/index.php?rest_route=\/wp\/v2\/types\/post"}],"author":[{"embeddable":true,"href":"https:\/\/elguanajuatense.vip\/index.php?rest_route=\/wp\/v2\/users\/7"}],"replies":[{"embeddable":true,"href":"https:\/\/elguanajuatense.vip\/index.php?rest_route=%2Fwp%2Fv2%2Fcomments&post=8526"}],"version-history":[{"count":2,"href":"https:\/\/elguanajuatense.vip\/index.php?rest_route=\/wp\/v2\/posts\/8526\/revisions"}],"predecessor-version":[{"id":8530,"href":"https:\/\/elguanajuatense.vip\/index.php?rest_route=\/wp\/v2\/posts\/8526\/revisions\/8530"}],"wp:featuredmedia":[{"embeddable":true,"href":"https:\/\/elguanajuatense.vip\/index.php?rest_route=\/wp\/v2\/media\/8527"}],"wp:attachment":[{"href":"https:\/\/elguanajuatense.vip\/index.php?rest_route=%2Fwp%2Fv2%2Fmedia&parent=8526"}],"wp:term":[{"taxonomy":"category","embeddable":true,"href":"https:\/\/elguanajuatense.vip\/index.php?rest_route=%2Fwp%2Fv2%2Fcategories&post=8526"},{"taxonomy":"post_tag","embeddable":true,"href":"https:\/\/elguanajuatense.vip\/index.php?rest_route=%2Fwp%2Fv2%2Ftags&post=8526"}],"curies":[{"name":"wp","href":"https:\/\/api.w.org\/{rel}","templated":true}]}}