{"id":8590,"date":"2024-04-30T17:41:24","date_gmt":"2024-04-30T23:41:24","guid":{"rendered":"https:\/\/elguanajuatense.vip\/?p=8590"},"modified":"2024-04-30T17:41:25","modified_gmt":"2024-04-30T23:41:25","slug":"reconozco-que-la-colaboracion-entre-gobierno-y-sociedad-civil-es-vital-para-dar-voz-a-la-ninez-en-guanajuato-libia-dennise-gobiernogto","status":"publish","type":"post","link":"https:\/\/elguanajuatense.vip\/?p=8590","title":{"rendered":"\u00abReconozco que la colaboraci\u00f3n entre gobierno y sociedad civil es vital para dar voz a la ni\u00f1ez en Guanajuato\u00bb; Libia Dennise \/ @gobiernogto >>>"},"content":{"rendered":"\n<p class=\"wp-block-paragraph\"><strong>#GobiernoDeGuanajuato.- <\/strong>En el marco del D\u00eda del Ni\u00f1o la candidata a gobernadora Libia Dennise se comprometi\u00f3 a impulsar el futuro de la ni\u00f1ez y la juventud de la mano de las organizaciones Educaci\u00f3n Con Rumbo, World Vision M\u00e9xico y Pacto por la Primera Infancia. <\/p>\n\n\n\n<p class=\"wp-block-paragraph\"> \u00abEl amor, la educaci\u00f3n, la igualdad y la salud mental son fundamentales para el desarrollo de las ni\u00f1as y ni\u00f1os. Reconozco que la colaboraci\u00f3n entre gobierno y sociedad civil es vital para dar voz a la ni\u00f1ez en Guanajuato\u00bb destac\u00f3 la candidata.<\/p>\n\n\n\n<figure class=\"wp-block-image aligncenter size-large is-resized\"><img loading=\"lazy\" decoding=\"async\" width=\"1024\" height=\"682\" src=\"https:\/\/elguanajuatense.vip\/wp-content\/uploads\/2024\/04\/image-3-1024x682.png\" alt=\"\" class=\"wp-image-8591\" style=\"width:530px;height:auto\" srcset=\"https:\/\/elguanajuatense.vip\/wp-content\/uploads\/2024\/04\/image-3-1024x682.png 1024w, https:\/\/elguanajuatense.vip\/wp-content\/uploads\/2024\/04\/image-3-300x200.png 300w, https:\/\/elguanajuatense.vip\/wp-content\/uploads\/2024\/04\/image-3-768x512.png 768w, https:\/\/elguanajuatense.vip\/wp-content\/uploads\/2024\/04\/image-3-600x400.png 600w, https:\/\/elguanajuatense.vip\/wp-content\/uploads\/2024\/04\/image-3.png 1280w\" sizes=\"auto, (max-width: 1024px) 100vw, 1024px\" \/><\/figure>\n\n\n\n<p class=\"wp-block-paragraph\"><strong>#ElGuanajuatenseVIP &#8211; <\/strong><a href=\"https:\/\/www.facebook.com\/ElGuanajuatenseVIP\/\">El Guanajuatense VIP<\/a><\/p>\n","protected":false},"excerpt":{"rendered":"<p>#GobiernoDeGuanajuato.- En el marco del D\u00eda del Ni\u00f1o la candidata a gobernadora Libia Dennise se comprometi\u00f3 a impulsar el futuro<\/p>\n","protected":false},"author":7,"featured_media":8592,"comment_status":"open","ping_status":"open","sticky":false,"template":"","format":"standard","meta":{"colormag_page_container_layout":"default_layout","colormag_page_sidebar_layout":"default_layout","rop_custom_images_group":[],"rop_custom_messages_group":[],"rop_publish_now":"yes","rop_publish_now_accounts":{"facebook_100397929117741_105998571690021":""},"rop_publish_now_history":[],"rop_publish_now_status":"pending","footnotes":""},"categories":[7],"tags":[42,30,39,41],"class_list":["post-8590","post","type-post","status-publish","format-standard","has-post-thumbnail","hentry","category-principales","tag-en-vivo","tag-guanajuato-gobierno-del-estado","tag-ultima-hora","tag-ultimo-minuto"],"_links":{"self":[{"href":"https:\/\/elguanajuatense.vip\/index.php?rest_route=\/wp\/v2\/posts\/8590","targetHints":{"allow":["GET"]}}],"collection":[{"href":"https:\/\/elguanajuatense.vip\/index.php?rest_route=\/wp\/v2\/posts"}],"about":[{"href":"https:\/\/elguanajuatense.vip\/index.php?rest_route=\/wp\/v2\/types\/post"}],"author":[{"embeddable":true,"href":"https:\/\/elguanajuatense.vip\/index.php?rest_route=\/wp\/v2\/users\/7"}],"replies":[{"embeddable":true,"href":"https:\/\/elguanajuatense.vip\/index.php?rest_route=%2Fwp%2Fv2%2Fcomments&post=8590"}],"version-history":[{"count":1,"href":"https:\/\/elguanajuatense.vip\/index.php?rest_route=\/wp\/v2\/posts\/8590\/revisions"}],"predecessor-version":[{"id":8593,"href":"https:\/\/elguanajuatense.vip\/index.php?rest_route=\/wp\/v2\/posts\/8590\/revisions\/8593"}],"wp:featuredmedia":[{"embeddable":true,"href":"https:\/\/elguanajuatense.vip\/index.php?rest_route=\/wp\/v2\/media\/8592"}],"wp:attachment":[{"href":"https:\/\/elguanajuatense.vip\/index.php?rest_route=%2Fwp%2Fv2%2Fmedia&parent=8590"}],"wp:term":[{"taxonomy":"category","embeddable":true,"href":"https:\/\/elguanajuatense.vip\/index.php?rest_route=%2Fwp%2Fv2%2Fcategories&post=8590"},{"taxonomy":"post_tag","embeddable":true,"href":"https:\/\/elguanajuatense.vip\/index.php?rest_route=%2Fwp%2Fv2%2Ftags&post=8590"}],"curies":[{"name":"wp","href":"https:\/\/api.w.org\/{rel}","templated":true}]}}