{"id":8608,"date":"2024-05-02T16:33:49","date_gmt":"2024-05-02T22:33:49","guid":{"rendered":"https:\/\/elguanajuatense.vip\/?p=8608"},"modified":"2024-05-02T16:33:50","modified_gmt":"2024-05-02T22:33:50","slug":"en-acapulco-guerrero-llevan-a-cabo-jornada-de-trabajo-en-el-panteon-de-el-palmar-abelinalopezr-acapulco","status":"publish","type":"post","link":"https:\/\/elguanajuatense.vip\/?p=8608","title":{"rendered":"En Acapulco, Guerrero, llevan a cabo jornada de trabajo en el Pante\u00f3n de El Palmar \/ @AbelinaLopezR @Acapulco >>>"},"content":{"rendered":"\n<p><strong>#Acapulco, #Gro.-\u00a0<\/strong>La Direcci\u00f3n General de Salud Municipal llev\u00f3 a cabo una jornada de trabajo en el Pante\u00f3n de El Palmar, este martes 30 de abril, como parte de la campa\u00f1a permanente de fumigaci\u00f3n y descacharrizaci\u00f3n en instalaciones y lugares p\u00fablicos y de gran concentraci\u00f3n.<\/p>\n\n\n\n<figure class=\"wp-block-image aligncenter size-full is-resized\"><img loading=\"lazy\" decoding=\"async\" width=\"1024\" height=\"768\" src=\"https:\/\/elguanajuatense.vip\/wp-content\/uploads\/2024\/05\/image-1.png\" alt=\"\" class=\"wp-image-8609\" style=\"width:414px;height:auto\" srcset=\"https:\/\/elguanajuatense.vip\/wp-content\/uploads\/2024\/05\/image-1.png 1024w, https:\/\/elguanajuatense.vip\/wp-content\/uploads\/2024\/05\/image-1-300x225.png 300w, https:\/\/elguanajuatense.vip\/wp-content\/uploads\/2024\/05\/image-1-768x576.png 768w, https:\/\/elguanajuatense.vip\/wp-content\/uploads\/2024\/05\/image-1-600x450.png 600w\" sizes=\"auto, (max-width: 1024px) 100vw, 1024px\" \/><\/figure>\n\n\n\n<p><strong>#ElGuanajuatenseVIP &#8211; <\/strong><a href=\"https:\/\/www.facebook.com\/ElGuanajuatenseVIP\/\">El Guanajuatense VIP<\/a><\/p>\n","protected":false},"excerpt":{"rendered":"<p>#Acapulco, #Gro.-\u00a0La Direcci\u00f3n General de Salud Municipal llev\u00f3 a cabo una jornada de trabajo en el Pante\u00f3n de El Palmar,<\/p>\n","protected":false},"author":7,"featured_media":8610,"comment_status":"open","ping_status":"open","sticky":false,"template":"","format":"standard","meta":{"colormag_page_container_layout":"default_layout","colormag_page_sidebar_layout":"default_layout","rop_custom_images_group":[],"rop_custom_messages_group":[],"rop_publish_now":"yes","rop_publish_now_accounts":{"facebook_100397929117741_105998571690021":""},"rop_publish_now_history":[],"rop_publish_now_status":"pending","footnotes":""},"categories":[24],"tags":[111,109,42,39,41],"class_list":["post-8608","post","type-post","status-publish","format-standard","has-post-thumbnail","hentry","category-municipios-en-mexico","tag-abelina-lopez-rodriguez","tag-acapulco","tag-en-vivo","tag-ultima-hora","tag-ultimo-minuto"],"_links":{"self":[{"href":"https:\/\/elguanajuatense.vip\/index.php?rest_route=\/wp\/v2\/posts\/8608","targetHints":{"allow":["GET"]}}],"collection":[{"href":"https:\/\/elguanajuatense.vip\/index.php?rest_route=\/wp\/v2\/posts"}],"about":[{"href":"https:\/\/elguanajuatense.vip\/index.php?rest_route=\/wp\/v2\/types\/post"}],"author":[{"embeddable":true,"href":"https:\/\/elguanajuatense.vip\/index.php?rest_route=\/wp\/v2\/users\/7"}],"replies":[{"embeddable":true,"href":"https:\/\/elguanajuatense.vip\/index.php?rest_route=%2Fwp%2Fv2%2Fcomments&post=8608"}],"version-history":[{"count":1,"href":"https:\/\/elguanajuatense.vip\/index.php?rest_route=\/wp\/v2\/posts\/8608\/revisions"}],"predecessor-version":[{"id":8611,"href":"https:\/\/elguanajuatense.vip\/index.php?rest_route=\/wp\/v2\/posts\/8608\/revisions\/8611"}],"wp:featuredmedia":[{"embeddable":true,"href":"https:\/\/elguanajuatense.vip\/index.php?rest_route=\/wp\/v2\/media\/8610"}],"wp:attachment":[{"href":"https:\/\/elguanajuatense.vip\/index.php?rest_route=%2Fwp%2Fv2%2Fmedia&parent=8608"}],"wp:term":[{"taxonomy":"category","embeddable":true,"href":"https:\/\/elguanajuatense.vip\/index.php?rest_route=%2Fwp%2Fv2%2Fcategories&post=8608"},{"taxonomy":"post_tag","embeddable":true,"href":"https:\/\/elguanajuatense.vip\/index.php?rest_route=%2Fwp%2Fv2%2Ftags&post=8608"}],"curies":[{"name":"wp","href":"https:\/\/api.w.org\/{rel}","templated":true}]}}