{"id":8632,"date":"2024-05-07T17:05:34","date_gmt":"2024-05-07T23:05:34","guid":{"rendered":"https:\/\/elguanajuatense.vip\/?p=8632"},"modified":"2024-05-07T17:05:35","modified_gmt":"2024-05-07T23:05:35","slug":"conmemoran-el-inicio-del-sistema-nacional-de-proteccion-civil-en-tepic-nayarit-geraldineponcem-gobiernodetepic","status":"publish","type":"post","link":"https:\/\/elguanajuatense.vip\/?p=8632","title":{"rendered":"Conmemoran el inicio del Sistema Nacional de Protecci\u00f3n Civil en Tepic, Nayarit \/ @GeraldinePonceM @Gobiernodetepic >>>"},"content":{"rendered":"\n<p><strong>#Tepic, #Nay.-<\/strong>&nbsp;Este d\u00eda se conmemora el inicio del Sistema Nacional de Protecci\u00f3n Civil, el cual surgi\u00f3 el 6 de mayo de 1986, a causa del terremoto que sacudi\u00f3 a M\u00e9xico en 1985.<\/p>\n\n\n\n<p>El municipio agradeci\u00f3 a quienes integran los cuerpos de emergencia y rescate del pa\u00eds, cuyo trabajo pone de manifiesto su importancia ante los desastres naturales.<\/p>\n\n\n\n<p><strong>#ElGuanajuatenseVIP \u2013&nbsp;<\/strong><a href=\"https:\/\/www.facebook.com\/ElGuanajuatenseVIP\/\">El Guanajuatense VIP<\/a><\/p>\n\n\n\n<p><a href=\"https:\/\/elguanajuatense.vip\/?p=8604\"><\/a><\/p>\n","protected":false},"excerpt":{"rendered":"<p>#Tepic, #Nay.-&nbsp;Este d\u00eda se conmemora el inicio del Sistema Nacional de Protecci\u00f3n Civil, el cual surgi\u00f3 el 6 de mayo<\/p>\n","protected":false},"author":7,"featured_media":8633,"comment_status":"open","ping_status":"open","sticky":false,"template":"","format":"standard","meta":{"colormag_page_container_layout":"default_layout","colormag_page_sidebar_layout":"default_layout","rop_custom_images_group":[],"rop_custom_messages_group":[],"rop_publish_now":"yes","rop_publish_now_accounts":{"facebook_100397929117741_105998571690021":""},"rop_publish_now_history":[],"rop_publish_now_status":"pending","footnotes":""},"categories":[24],"tags":[42,138,137,39,41],"class_list":["post-8632","post","type-post","status-publish","format-standard","has-post-thumbnail","hentry","category-municipios-en-mexico","tag-en-vivo","tag-geraldine-ponce","tag-gobierno-de-tepic","tag-ultima-hora","tag-ultimo-minuto"],"_links":{"self":[{"href":"https:\/\/elguanajuatense.vip\/index.php?rest_route=\/wp\/v2\/posts\/8632","targetHints":{"allow":["GET"]}}],"collection":[{"href":"https:\/\/elguanajuatense.vip\/index.php?rest_route=\/wp\/v2\/posts"}],"about":[{"href":"https:\/\/elguanajuatense.vip\/index.php?rest_route=\/wp\/v2\/types\/post"}],"author":[{"embeddable":true,"href":"https:\/\/elguanajuatense.vip\/index.php?rest_route=\/wp\/v2\/users\/7"}],"replies":[{"embeddable":true,"href":"https:\/\/elguanajuatense.vip\/index.php?rest_route=%2Fwp%2Fv2%2Fcomments&post=8632"}],"version-history":[{"count":1,"href":"https:\/\/elguanajuatense.vip\/index.php?rest_route=\/wp\/v2\/posts\/8632\/revisions"}],"predecessor-version":[{"id":8634,"href":"https:\/\/elguanajuatense.vip\/index.php?rest_route=\/wp\/v2\/posts\/8632\/revisions\/8634"}],"wp:featuredmedia":[{"embeddable":true,"href":"https:\/\/elguanajuatense.vip\/index.php?rest_route=\/wp\/v2\/media\/8633"}],"wp:attachment":[{"href":"https:\/\/elguanajuatense.vip\/index.php?rest_route=%2Fwp%2Fv2%2Fmedia&parent=8632"}],"wp:term":[{"taxonomy":"category","embeddable":true,"href":"https:\/\/elguanajuatense.vip\/index.php?rest_route=%2Fwp%2Fv2%2Fcategories&post=8632"},{"taxonomy":"post_tag","embeddable":true,"href":"https:\/\/elguanajuatense.vip\/index.php?rest_route=%2Fwp%2Fv2%2Ftags&post=8632"}],"curies":[{"name":"wp","href":"https:\/\/api.w.org\/{rel}","templated":true}]}}