{"id":8840,"date":"2024-07-11T15:00:43","date_gmt":"2024-07-11T21:00:43","guid":{"rendered":"https:\/\/elguanajuatense.vip\/?p=8840"},"modified":"2024-07-11T15:00:56","modified_gmt":"2024-07-11T21:00:56","slug":"san-miguel-de-allende-es-la-ciudad-1-en-mexico-y-el-mundo-gobmunicipalsma","status":"publish","type":"post","link":"https:\/\/elguanajuatense.vip\/?p=8840","title":{"rendered":"San Miguel de Allende es la Ciudad #1 en M\u00e9xico y el Mundo \/ @GobMunicipalSMA >>>"},"content":{"rendered":"\n<p class=\"wp-block-paragraph\" id=\"viewer-tebc235\"><strong>#SanMiguelDeAllende, #Gto.- <\/strong>Una vez m\u00e1s, San Miguel de Allende es protagonista nacional y mundial, al ser nombrada por Travel + Leisure como \u00abLa Ciudad N\u00famero <a href=\"https:\/\/www.sanmigueldeallende.gob.mx\/noticias\/hashtags\/1\">#1<\/a> de M\u00e9xico y el Mundo\u00bb.<\/p>\n\n\n\n<p class=\"wp-block-paragraph\" id=\"viewer-a5upt43\">Reconocida por la excelente estrategia del Gobierno Municipal impulsada por el presidente Mauricio Trejo, de la mano de los sectores, la calidez de su gente, su riqueza cultural e hist\u00f3rica, adem\u00e1s de su esencia cosmopolita, San Miguel de Allende fue distinguida con este nuevo galard\u00f3n que pone a San Miguel como \u00abpunta de lanza\u00bb\u00a0entre las ciudades mexicanas y extranjeras.<\/p>\n\n\n\n<p class=\"wp-block-paragraph\" id=\"viewer-8p4xd49\">\u00a0\u00abCada una de estas acciones que hemos hecho como Gobierno (Municipal), hemos estado posicionando al destino a nivel nacional e internacional, as\u00ed que tenemos todos estos reconocimientos. La parte de la uni\u00f3n de los gremios, trabajar en conjunto con la iniciativa privada y el Gobierno, as\u00ed fortalecemos cada una de estas acciones y podemos impulsar m\u00e1s todo lo que tenemos en el destino a nivel cultural, gastron\u00f3mico, aventura, bienestar y es como englobar, como posicionar el destino a nivel M\u00e9xico y nivel mundial. Es el objetivo que en un principio nos marc\u00f3 nuestro alcalde, Mauricio Trejo. Es un conjunto de todo lo que tiene el municipio; no es nada m\u00e1s en cuesti\u00f3n de Turismo, es en cuesti\u00f3n de cada una de las dependencias que engloba el Gobierno, porque todos tenemos que ver, que el centro est\u00e9 limpio, servicios de calidad, seguridad, alumbrado\u00bb\u00a0expres\u00f3 Tania Castillo, directora de Desarrollo Econ\u00f3mico y Turismo.<\/p>\n\n\n\n<p class=\"wp-block-paragraph\" id=\"viewer-4kc4w54\">\u00a0En esta edici\u00f3n, la \u00abMejor Ciudad Peque\u00f1a del Mundo\u00bb,\u00a0super\u00f3 a ciudades mexicanas como Oaxaca, Ciudad de M\u00e9xico, Guadalajara y M\u00e9rida, para posicionarse como la Mejor Ciudad en M\u00e9xico; mientras que, a nivel internacional, se posicion\u00f3 por encima de ic\u00f3nicas ciudades como Florencia, Italia (6.\u00ba lugar); Bangkok, Tailandia (7); Tokio, Jap\u00f3n (8); Marbella, Espa\u00f1a (13); Roma, Italia (20) y Barcelona, Espa\u00f1a (23).<\/p>\n\n\n\n<p class=\"wp-block-paragraph\" id=\"viewer-25ebp60\">\u00a0<strong>#ElGuanajuatenseVIP &#8211; <\/strong><a href=\"https:\/\/www.facebook.com\/ElGuanajuatenseVIP\/\">El Guanajuatense VIP<\/a><\/p>\n\n\n\n<p class=\"wp-block-paragraph\"><\/p>\n","protected":false},"excerpt":{"rendered":"<p>#SanMiguelDeAllende, #Gto.- Una vez m\u00e1s, San Miguel de Allende es protagonista nacional y mundial, al ser nombrada por Travel +<\/p>\n","protected":false},"author":7,"featured_media":8841,"comment_status":"open","ping_status":"open","sticky":false,"template":"","format":"standard","meta":{"colormag_page_container_layout":"default_layout","colormag_page_sidebar_layout":"default_layout","rop_custom_images_group":[],"rop_custom_messages_group":[],"rop_publish_now":"initial","rop_publish_now_accounts":{"facebook_100397929117741_105998571690021":""},"rop_publish_now_history":[],"rop_publish_now_status":"pending","footnotes":""},"categories":[27],"tags":[42,66,39,41],"class_list":["post-8840","post","type-post","status-publish","format-standard","has-post-thumbnail","hentry","category-municipios-destacados","tag-en-vivo","tag-san-miguel-de-allende","tag-ultima-hora","tag-ultimo-minuto"],"_links":{"self":[{"href":"https:\/\/elguanajuatense.vip\/index.php?rest_route=\/wp\/v2\/posts\/8840","targetHints":{"allow":["GET"]}}],"collection":[{"href":"https:\/\/elguanajuatense.vip\/index.php?rest_route=\/wp\/v2\/posts"}],"about":[{"href":"https:\/\/elguanajuatense.vip\/index.php?rest_route=\/wp\/v2\/types\/post"}],"author":[{"embeddable":true,"href":"https:\/\/elguanajuatense.vip\/index.php?rest_route=\/wp\/v2\/users\/7"}],"replies":[{"embeddable":true,"href":"https:\/\/elguanajuatense.vip\/index.php?rest_route=%2Fwp%2Fv2%2Fcomments&post=8840"}],"version-history":[{"count":2,"href":"https:\/\/elguanajuatense.vip\/index.php?rest_route=\/wp\/v2\/posts\/8840\/revisions"}],"predecessor-version":[{"id":8843,"href":"https:\/\/elguanajuatense.vip\/index.php?rest_route=\/wp\/v2\/posts\/8840\/revisions\/8843"}],"wp:featuredmedia":[{"embeddable":true,"href":"https:\/\/elguanajuatense.vip\/index.php?rest_route=\/wp\/v2\/media\/8841"}],"wp:attachment":[{"href":"https:\/\/elguanajuatense.vip\/index.php?rest_route=%2Fwp%2Fv2%2Fmedia&parent=8840"}],"wp:term":[{"taxonomy":"category","embeddable":true,"href":"https:\/\/elguanajuatense.vip\/index.php?rest_route=%2Fwp%2Fv2%2Fcategories&post=8840"},{"taxonomy":"post_tag","embeddable":true,"href":"https:\/\/elguanajuatense.vip\/index.php?rest_route=%2Fwp%2Fv2%2Ftags&post=8840"}],"curies":[{"name":"wp","href":"https:\/\/api.w.org\/{rel}","templated":true}]}}