{"id":8909,"date":"2024-07-30T16:32:33","date_gmt":"2024-07-30T22:32:33","guid":{"rendered":"https:\/\/elguanajuatense.vip\/?p=8909"},"modified":"2024-07-30T16:32:33","modified_gmt":"2024-07-30T22:32:33","slug":"ssg-informa-la-donacion-de-organos-de-un-guanajuatense-de-purisima-del-rincon-gobiernogto","status":"publish","type":"post","link":"https:\/\/elguanajuatense.vip\/?p=8909","title":{"rendered":"SSG\u00a0informa la donaci\u00f3n de \u00f3rganos de un guanajuatense de Pur\u00edsima del Rinc\u00f3n \/ @gobiernogto >>>"},"content":{"rendered":"\n<p><strong>#GobiernoDeGuanajuato.-<\/strong>  Originario de Pur\u00edsima del Rinc\u00f3n, Alberto de 49 a\u00f1os de edad don\u00f3 sus \u00f3rganos para devolver una esperanza de vida a cuatro guanajuatenses.<\/p>\n\n\n\n<p>Posterior a un evento vascular cerebral por emergencia hipertensiva su familia tom\u00f3 la decisi\u00f3n de donar sus \u00f3rganos, inform\u00f3 la Secretar\u00eda de Salud del Estado.<\/p>\n\n\n\n<p>El proceso se realiz\u00f3 en el Hospital General de Le\u00f3n adem\u00e1s de la procuraci\u00f3n de tejido m\u00fasculo esquel\u00e9tico.<\/p>\n\n\n\n<p>Sus hijas tomaron esta decisi\u00f3n porque recordaron a su padre como un hombre generoso, cari\u00f1oso y trabajador.<\/p>\n\n\n\n<p>Ambos ri\u00f1ones se trasplantaron en el Hospital Regional de Alta Especialidad del Baj\u00edo, las c\u00f3rneas en el General Le\u00f3n.<\/p>\n\n\n\n<p>En Guanajuato existe toda una red de procuraci\u00f3n de \u00f3rganos con cobertura en Hospitales que cuentan con licencia para hacer los procedimientos, a trav\u00e9s de personal adscrito al Centro Estatal de Trasplantes.<\/p>\n\n\n\n<p>La \u00a0donaci\u00f3n de \u00f3rganos constituye una de las m\u00e1ximas expresiones de solidaridad siendo un acto voluntario y personal que permite brindar nuevas oportunidades de vida a personas de todas las edades que se encuentran en lista de espera por un trasplante, \u00fanica alternativa de tratamiento en casos de gran complejidad.<\/p>\n\n\n\n<p><strong>#ElGuanajuatenseVIP &#8211; <\/strong><a href=\"https:\/\/www.facebook.com\/ElGuanajuatenseVIP\/\">El Guanajuatense VIP<\/a><\/p>\n","protected":false},"excerpt":{"rendered":"<p>#GobiernoDeGuanajuato.- Originario de Pur\u00edsima del Rinc\u00f3n, Alberto de 49 a\u00f1os de edad don\u00f3 sus \u00f3rganos para devolver una esperanza de<\/p>\n","protected":false},"author":7,"featured_media":8910,"comment_status":"open","ping_status":"open","sticky":false,"template":"","format":"standard","meta":{"colormag_page_container_layout":"default_layout","colormag_page_sidebar_layout":"default_layout","rop_custom_images_group":[],"rop_custom_messages_group":[],"rop_publish_now":"yes","rop_publish_now_accounts":{"facebook_100397929117741_105998571690021":""},"rop_publish_now_history":[],"rop_publish_now_status":"pending","footnotes":""},"categories":[23],"tags":[42,30,39,41],"class_list":["post-8909","post","type-post","status-publish","format-standard","has-post-thumbnail","hentry","category-secretarias","tag-en-vivo","tag-guanajuato-gobierno-del-estado","tag-ultima-hora","tag-ultimo-minuto"],"_links":{"self":[{"href":"https:\/\/elguanajuatense.vip\/index.php?rest_route=\/wp\/v2\/posts\/8909","targetHints":{"allow":["GET"]}}],"collection":[{"href":"https:\/\/elguanajuatense.vip\/index.php?rest_route=\/wp\/v2\/posts"}],"about":[{"href":"https:\/\/elguanajuatense.vip\/index.php?rest_route=\/wp\/v2\/types\/post"}],"author":[{"embeddable":true,"href":"https:\/\/elguanajuatense.vip\/index.php?rest_route=\/wp\/v2\/users\/7"}],"replies":[{"embeddable":true,"href":"https:\/\/elguanajuatense.vip\/index.php?rest_route=%2Fwp%2Fv2%2Fcomments&post=8909"}],"version-history":[{"count":1,"href":"https:\/\/elguanajuatense.vip\/index.php?rest_route=\/wp\/v2\/posts\/8909\/revisions"}],"predecessor-version":[{"id":8911,"href":"https:\/\/elguanajuatense.vip\/index.php?rest_route=\/wp\/v2\/posts\/8909\/revisions\/8911"}],"wp:featuredmedia":[{"embeddable":true,"href":"https:\/\/elguanajuatense.vip\/index.php?rest_route=\/wp\/v2\/media\/8910"}],"wp:attachment":[{"href":"https:\/\/elguanajuatense.vip\/index.php?rest_route=%2Fwp%2Fv2%2Fmedia&parent=8909"}],"wp:term":[{"taxonomy":"category","embeddable":true,"href":"https:\/\/elguanajuatense.vip\/index.php?rest_route=%2Fwp%2Fv2%2Fcategories&post=8909"},{"taxonomy":"post_tag","embeddable":true,"href":"https:\/\/elguanajuatense.vip\/index.php?rest_route=%2Fwp%2Fv2%2Ftags&post=8909"}],"curies":[{"name":"wp","href":"https:\/\/api.w.org\/{rel}","templated":true}]}}