{"id":8948,"date":"2024-08-06T19:56:42","date_gmt":"2024-08-07T01:56:42","guid":{"rendered":"https:\/\/elguanajuatense.vip\/?p=8948"},"modified":"2024-08-06T19:56:44","modified_gmt":"2024-08-07T01:56:44","slug":"mas-de-mil-guanajuatenses-se-interesan-en-el-programa-de-familia-temporal-difgto","status":"publish","type":"post","link":"https:\/\/elguanajuatense.vip\/?p=8948","title":{"rendered":"M\u00e1s de Mil Guanajuatenses se interesan en el programa de Familia Temporal \/ @difgto >>>"},"content":{"rendered":"\n<p class=\"wp-block-paragraph\"><strong>#DIF.<\/strong>&#8211; El Sistema para el Desarrollo Integral de la Familia (DIF), logr\u00f3 el inter\u00e9s de\u00a0Mil 187 guanajuatenses\u00a0integrarse al programa de Familia Temporal a trav\u00e9s de la estrategia de difusi\u00f3n, que se implement\u00f3 durante la presente administraci\u00f3n.<\/p>\n\n\n\n<p class=\"wp-block-paragraph\">La Estrategia Alianza: GUIA \u201cGuanajuato Unido por la Infancia y la Adolescencia\u201d,&nbsp;el Sistema DIF Estatal y la Procuradur\u00eda Estatal de Protecci\u00f3n de Ni\u00f1as, Ni\u00f1os y Adolescentes (PEPNNA), realizaron un trabajo transversal para buscar cuidados alternativos temporales para las ni\u00f1as, ni\u00f1os o los adolescentes, que por alguna raz\u00f3n no pueden vivir con su&nbsp;familia&nbsp;de origen o est\u00e1 en proceso su situaci\u00f3n jur\u00eddica.<\/p>\n\n\n\n<p class=\"wp-block-paragraph\">El Director General del Sistema DIF Estatal Guanajuato,\u00a0Ernesto Daniel Gallegos Hern\u00e1ndez\u00a0asegur\u00f3 garantizar los derechos de las ni\u00f1as, ni\u00f1os y adolescentes; Para ello, se impartieron m\u00e1s de\u00a0<strong>473 charlas<\/strong>\u00a0de sensibilizaci\u00f3n a las personas interesadas en dicho programa; \u201cla\u00a0familia\u00a0es la base de la sociedad, por eso la importancia de que ni\u00f1as, ni\u00f1os y adolescentes se sientan amados o respaldados en un n\u00facleo de amor y respeto\u201d.<strong>\u00a0<\/strong><\/p>\n\n\n\n<p class=\"wp-block-paragraph\"><strong>#ElGuanajuatenseVIP &#8211; <\/strong><a href=\"https:\/\/www.facebook.com\/ElGuanajuatenseVIP\/\">El Guanajuatense VIP<\/a><\/p>\n","protected":false},"excerpt":{"rendered":"<p>#DIF.&#8211; El Sistema para el Desarrollo Integral de la Familia (DIF), logr\u00f3 el inter\u00e9s de\u00a0Mil 187 guanajuatenses\u00a0integrarse al programa de<\/p>\n","protected":false},"author":7,"featured_media":8949,"comment_status":"open","ping_status":"open","sticky":false,"template":"","format":"standard","meta":{"colormag_page_container_layout":"default_layout","colormag_page_sidebar_layout":"default_layout","rop_custom_images_group":[],"rop_custom_messages_group":[],"rop_publish_now":"yes","rop_publish_now_accounts":{"facebook_100397929117741_105998571690021":""},"rop_publish_now_history":[],"rop_publish_now_status":"pending","footnotes":""},"categories":[169],"tags":[172,42,39,41],"class_list":["post-8948","post","type-post","status-publish","format-standard","has-post-thumbnail","hentry","category-dif","tag-dif-estatal-guanajuato","tag-en-vivo","tag-ultima-hora","tag-ultimo-minuto"],"_links":{"self":[{"href":"https:\/\/elguanajuatense.vip\/index.php?rest_route=\/wp\/v2\/posts\/8948","targetHints":{"allow":["GET"]}}],"collection":[{"href":"https:\/\/elguanajuatense.vip\/index.php?rest_route=\/wp\/v2\/posts"}],"about":[{"href":"https:\/\/elguanajuatense.vip\/index.php?rest_route=\/wp\/v2\/types\/post"}],"author":[{"embeddable":true,"href":"https:\/\/elguanajuatense.vip\/index.php?rest_route=\/wp\/v2\/users\/7"}],"replies":[{"embeddable":true,"href":"https:\/\/elguanajuatense.vip\/index.php?rest_route=%2Fwp%2Fv2%2Fcomments&post=8948"}],"version-history":[{"count":1,"href":"https:\/\/elguanajuatense.vip\/index.php?rest_route=\/wp\/v2\/posts\/8948\/revisions"}],"predecessor-version":[{"id":8950,"href":"https:\/\/elguanajuatense.vip\/index.php?rest_route=\/wp\/v2\/posts\/8948\/revisions\/8950"}],"wp:featuredmedia":[{"embeddable":true,"href":"https:\/\/elguanajuatense.vip\/index.php?rest_route=\/wp\/v2\/media\/8949"}],"wp:attachment":[{"href":"https:\/\/elguanajuatense.vip\/index.php?rest_route=%2Fwp%2Fv2%2Fmedia&parent=8948"}],"wp:term":[{"taxonomy":"category","embeddable":true,"href":"https:\/\/elguanajuatense.vip\/index.php?rest_route=%2Fwp%2Fv2%2Fcategories&post=8948"},{"taxonomy":"post_tag","embeddable":true,"href":"https:\/\/elguanajuatense.vip\/index.php?rest_route=%2Fwp%2Fv2%2Ftags&post=8948"}],"curies":[{"name":"wp","href":"https:\/\/api.w.org\/{rel}","templated":true}]}}