{"id":9175,"date":"2024-10-08T18:40:25","date_gmt":"2024-10-09T00:40:25","guid":{"rendered":"https:\/\/elguanajuatense.vip\/?p=9175"},"modified":"2024-10-08T18:40:27","modified_gmt":"2024-10-09T00:40:27","slug":"inaugurada-la-galeria-de-las-reinas-infantiles-en-silao-carlitosgarciav-silaomunicipio","status":"publish","type":"post","link":"https:\/\/elguanajuatense.vip\/?p=9175","title":{"rendered":"Inaugurada la galer\u00eda de las Reinas Infantiles en Silao \/ @carlitosgarciav @SilaoMunicipio >>>"},"content":{"rendered":"\n<p><strong>#Silao, #Gto.-<\/strong> Hoy, en un emotivo evento en el Teatro Silao de la Victoria, se llev\u00f3 a cabo la develaci\u00f3n de la galer\u00eda de las Reinas Infantiles de Silao. Este nuevo espacio rinde homenaje a las valientes y talentosas ni\u00f1as que han tenido el honor de portar una corona, simbolizando no solo su belleza, sino tambi\u00e9n su compromiso y orgullo por representar lo mejor de su comunidad. La galer\u00eda es un tributo a la esencia de ser silaoense, promoviendo los valores y tradiciones que han sido parte fundamental de la identidad local.<\/p>\n\n\n\n<p>Durante la ceremonia, los asistentes pudieron admirar una exhibici\u00f3n que destaca la trayectoria de cada una de estas j\u00f3venes reinas, quienes, a lo largo de los a\u00f1os, han dejado huella en el coraz\u00f3n de la comunidad. Con sus coronas, estas ni\u00f1as han sido embajadoras del talento, la creatividad y la solidaridad, llevando el nombre de Silao a diversas plataformas. La inauguraci\u00f3n de la galer\u00eda no solo celebra sus logros individuales, sino que tambi\u00e9n enfatiza la importancia de fomentar el empoderamiento y la autoestima en las nuevas generaciones.<\/p>\n\n\n\n<p>La inauguraci\u00f3n fue tambi\u00e9n una ocasi\u00f3n para que la comunidad se uniera en un fervoroso reconocimiento a estas peque\u00f1as, quienes, m\u00e1s all\u00e1 de la elegancia de sus coronas, han inspirado a otros con su dedicaci\u00f3n y esfuerzo. As\u00ed, el Teatro Silao de la Victoria se convierte en un escenario no solo de actuaciones art\u00edsticas, sino tambi\u00e9n en un lugar donde se preserva y celebra la historia de la ni\u00f1ez en Silao. Este proyecto, que busca promover el orgullo por las ra\u00edces silaoenses, es un recordatorio del potencial que cada ni\u00f1a posee para contribuir al crecimiento y desarrollo de su comunidad.<\/p>\n\n\n\n<p><strong>#ElGuanajuatenseVIP &#8211; <\/strong><a href=\"https:\/\/www.facebook.com\/ElGuanajuatenseVIP\/\">El Guanajuatense VIP<\/a><\/p>\n","protected":false},"excerpt":{"rendered":"<p>#Silao, #Gto.- Hoy, en un emotivo evento en el Teatro Silao de la Victoria, se llev\u00f3 a cabo la develaci\u00f3n<\/p>\n","protected":false},"author":7,"featured_media":9176,"comment_status":"open","ping_status":"open","sticky":false,"template":"","format":"standard","meta":{"colormag_page_container_layout":"default_layout","colormag_page_sidebar_layout":"default_layout","rop_custom_images_group":[],"rop_custom_messages_group":[],"rop_publish_now":"yes","rop_publish_now_accounts":{"facebook_100397929117741_105998571690021":""},"rop_publish_now_history":[],"rop_publish_now_status":"pending","footnotes":""},"categories":[26],"tags":[89,42,88,39,41],"class_list":["post-9175","post","type-post","status-publish","format-standard","has-post-thumbnail","hentry","category-municipios","tag-carlos-garcia-villasenor","tag-en-vivo","tag-silao-municipio","tag-ultima-hora","tag-ultimo-minuto"],"_links":{"self":[{"href":"https:\/\/elguanajuatense.vip\/index.php?rest_route=\/wp\/v2\/posts\/9175","targetHints":{"allow":["GET"]}}],"collection":[{"href":"https:\/\/elguanajuatense.vip\/index.php?rest_route=\/wp\/v2\/posts"}],"about":[{"href":"https:\/\/elguanajuatense.vip\/index.php?rest_route=\/wp\/v2\/types\/post"}],"author":[{"embeddable":true,"href":"https:\/\/elguanajuatense.vip\/index.php?rest_route=\/wp\/v2\/users\/7"}],"replies":[{"embeddable":true,"href":"https:\/\/elguanajuatense.vip\/index.php?rest_route=%2Fwp%2Fv2%2Fcomments&post=9175"}],"version-history":[{"count":1,"href":"https:\/\/elguanajuatense.vip\/index.php?rest_route=\/wp\/v2\/posts\/9175\/revisions"}],"predecessor-version":[{"id":9177,"href":"https:\/\/elguanajuatense.vip\/index.php?rest_route=\/wp\/v2\/posts\/9175\/revisions\/9177"}],"wp:featuredmedia":[{"embeddable":true,"href":"https:\/\/elguanajuatense.vip\/index.php?rest_route=\/wp\/v2\/media\/9176"}],"wp:attachment":[{"href":"https:\/\/elguanajuatense.vip\/index.php?rest_route=%2Fwp%2Fv2%2Fmedia&parent=9175"}],"wp:term":[{"taxonomy":"category","embeddable":true,"href":"https:\/\/elguanajuatense.vip\/index.php?rest_route=%2Fwp%2Fv2%2Fcategories&post=9175"},{"taxonomy":"post_tag","embeddable":true,"href":"https:\/\/elguanajuatense.vip\/index.php?rest_route=%2Fwp%2Fv2%2Ftags&post=9175"}],"curies":[{"name":"wp","href":"https:\/\/api.w.org\/{rel}","templated":true}]}}