{"id":9178,"date":"2024-10-10T18:52:08","date_gmt":"2024-10-11T00:52:08","guid":{"rendered":"https:\/\/elguanajuatense.vip\/?p=9178"},"modified":"2024-10-10T18:52:08","modified_gmt":"2024-10-11T00:52:08","slug":"inicia-6to-congreso-de-medica-campestre-2024-gobiernogto","status":"publish","type":"post","link":"https:\/\/elguanajuatense.vip\/?p=9178","title":{"rendered":"Inicia 6to. Congreso de M\u00e9dica Campestre 2024 \/ @gobiernogto >>>"},"content":{"rendered":"\n<p><strong>#GobiernoDeGuanajuato.-<\/strong> En la ceremonia de inauguraci\u00f3n del Sexto Congreso de M\u00e9dica Campestre el Dr. Gabriel Cort\u00e9s Alcal\u00e1 Secretario de Salud expres\u00f3 ante m\u00e1s de 700 congresistas que la innovaci\u00f3n se ha convertido en una herramienta fundamental para mejorar nuestro sistema de salud y responder de manera efectiva a las necesidades de la poblaci\u00f3n.<\/p>\n\n\n\n<p>Ante m\u00e1s de 700 m\u00e9dicos especialistas y generales de la regi\u00f3n y algunos de otros estados y estudiantes de universidad de Guanajuato, la Salle, UNITEC entre otras<\/p>\n\n\n\n<p>\u201cEn un mundo donde los avances tecnol\u00f3gicos se producen a un ritmo acelerado, iniciativas como esta son esenciales para garantizar que nuestros m\u00e9dicos sean no s\u00f3lo capacitados, sino tambi\u00e9n preparados para enfrentar los retos actuales y futuros\u201d, se\u00f1al\u00f3.<\/p>\n\n\n\n<p>El Secretario de \u00a0\u00a0 Salud hizo la declaratoria inaugural de este importante Congreso en representaci\u00f3n de nuestra Gobernadora, la Lic. Libia Dennise Garc\u00eda Mu\u00f1oz Ledo.<\/p>\n\n\n\n<p>Cort\u00e9s Alcal\u00e1 agreg\u00f3 que la integraci\u00f3n de la inteligencia artificial en el \u00e1mbito m\u00e9dico no solo representa una potente herramienta para el diagn\u00f3stico y tratamiento de enfermedades, sino que tambi\u00e9n simboliza una ventana hacia un futuro donde la atenci\u00f3n m\u00e9dica ser\u00e1 m\u00e1s accesible, eficiente y personalizada.<\/p>\n\n\n\n<p>En el Estado de Guanajuato, reafirmamos nuestro compromiso de fomentar un entorno que no s\u00f3lo acepte, sino que abrace la innovaci\u00f3n.<\/p>\n\n\n\n<p>\u201cLa meta de nuestra administraci\u00f3n es clara: trabajar incansablemente para mejorar la calidad de vida de los guanajuatenses\u201d, destac\u00f3.<\/p>\n\n\n\n<p>Agreg\u00f3 que la promoci\u00f3n de la salud, la prevenci\u00f3n de enfermedades y la atenci\u00f3n integral son los pilares fundamentales que gu\u00edan nuestra estrategia, y este congreso se alinea perfectamente con esta visi\u00f3n.<\/p>\n\n\n\n<p><strong>#ElGuanajuatenseVIP &#8211; <\/strong><a href=\"https:\/\/www.facebook.com\/ElGuanajuatenseVIP\/\">El Guanajuatense VIP<\/a><\/p>\n\n\n\n<p>\u00a0\u00a0\u00a0 <\/p>\n\n\n\n<p><\/p>\n","protected":false},"excerpt":{"rendered":"<p>#GobiernoDeGuanajuato.- En la ceremonia de inauguraci\u00f3n del Sexto Congreso de M\u00e9dica Campestre el Dr. Gabriel Cort\u00e9s Alcal\u00e1 Secretario de Salud<\/p>\n","protected":false},"author":7,"featured_media":9179,"comment_status":"open","ping_status":"open","sticky":false,"template":"","format":"standard","meta":{"colormag_page_container_layout":"default_layout","colormag_page_sidebar_layout":"default_layout","rop_custom_images_group":[],"rop_custom_messages_group":[],"rop_publish_now":"yes","rop_publish_now_accounts":{"facebook_100397929117741_105998571690021":""},"rop_publish_now_history":[],"rop_publish_now_status":"pending","footnotes":""},"categories":[23],"tags":[42,30,39,41],"class_list":["post-9178","post","type-post","status-publish","format-standard","has-post-thumbnail","hentry","category-secretarias","tag-en-vivo","tag-guanajuato-gobierno-del-estado","tag-ultima-hora","tag-ultimo-minuto"],"_links":{"self":[{"href":"https:\/\/elguanajuatense.vip\/index.php?rest_route=\/wp\/v2\/posts\/9178","targetHints":{"allow":["GET"]}}],"collection":[{"href":"https:\/\/elguanajuatense.vip\/index.php?rest_route=\/wp\/v2\/posts"}],"about":[{"href":"https:\/\/elguanajuatense.vip\/index.php?rest_route=\/wp\/v2\/types\/post"}],"author":[{"embeddable":true,"href":"https:\/\/elguanajuatense.vip\/index.php?rest_route=\/wp\/v2\/users\/7"}],"replies":[{"embeddable":true,"href":"https:\/\/elguanajuatense.vip\/index.php?rest_route=%2Fwp%2Fv2%2Fcomments&post=9178"}],"version-history":[{"count":1,"href":"https:\/\/elguanajuatense.vip\/index.php?rest_route=\/wp\/v2\/posts\/9178\/revisions"}],"predecessor-version":[{"id":9180,"href":"https:\/\/elguanajuatense.vip\/index.php?rest_route=\/wp\/v2\/posts\/9178\/revisions\/9180"}],"wp:featuredmedia":[{"embeddable":true,"href":"https:\/\/elguanajuatense.vip\/index.php?rest_route=\/wp\/v2\/media\/9179"}],"wp:attachment":[{"href":"https:\/\/elguanajuatense.vip\/index.php?rest_route=%2Fwp%2Fv2%2Fmedia&parent=9178"}],"wp:term":[{"taxonomy":"category","embeddable":true,"href":"https:\/\/elguanajuatense.vip\/index.php?rest_route=%2Fwp%2Fv2%2Fcategories&post=9178"},{"taxonomy":"post_tag","embeddable":true,"href":"https:\/\/elguanajuatense.vip\/index.php?rest_route=%2Fwp%2Fv2%2Ftags&post=9178"}],"curies":[{"name":"wp","href":"https:\/\/api.w.org\/{rel}","templated":true}]}}