{"id":9204,"date":"2024-10-17T20:17:23","date_gmt":"2024-10-18T02:17:23","guid":{"rendered":"https:\/\/elguanajuatense.vip\/?p=9204"},"modified":"2024-10-17T20:24:05","modified_gmt":"2024-10-18T02:24:05","slug":"proteccion-civil-evalua-riesgo-en-acapulco-guerrero-tras-recorrido-en-colonias-vulnerables-abelinalopezr-acapulco","status":"publish","type":"post","link":"https:\/\/elguanajuatense.vip\/?p=9204","title":{"rendered":"Protecci\u00f3n Civil eval\u00faa riesgo en Acapulco, Guerrero, tras recorrido en colonias vulnerables \/ @AbelinaLopezR @Acapulco >>>"},"content":{"rendered":"\n<p class=\"wp-block-paragraph\"><strong>#Acapulco, #Gro.-<\/strong>&nbsp;Por instrucci\u00f3n de la presidenta Abelina L\u00f3pez Rodr\u00edguez, el Coordinador General de Protecci\u00f3n Civil y Bomberos de Acapulco, Efr\u00e9n Valdez, llev\u00f3 a cabo un recorrido conjunto en las colonias La Libertad y Los Manantiales. Este recorrido tuvo como objetivo evaluar las condiciones de estas \u00e1reas y coordinar esfuerzos para garantizar la seguridad de sus habitantes ante posibles riesgos.<\/p>\n\n\n\n<p class=\"wp-block-paragraph\">Durante la visita, Efr\u00e9n Valdez estuvo acompa\u00f1ado por el Dr. Roberto Arroyo Matus, titular de Protecci\u00f3n Civil estatal, y el Ing. Juan Carlos Esp\u00edndola, representante del Sistema Nacional de Protecci\u00f3n Civil (SINAPROC). Juntos, analizaron la situaci\u00f3n actual de las colonias y la necesidad de implementar medidas inmediatas para proteger a las comunidades m\u00e1s vulnerables.<\/p>\n\n\n\n<p class=\"wp-block-paragraph\">Como resultado del encuentro, se acord\u00f3 iniciar trabajos de notificaci\u00f3n a las viviendas identificadas en alto riesgo, as\u00ed como realizar un censo de las familias afectadas. Este esfuerzo conjunto busca no solo informar a los ciudadanos sobre los peligros que enfrentan, sino tambi\u00e9n establecer un plan de acci\u00f3n que garantice su seguridad y bienestar en el futuro.<\/p>\n\n\n\n<p class=\"wp-block-paragraph\"><strong>#ElGuanajuatenseVIP &#8211; <\/strong><a href=\"https:\/\/www.facebook.com\/ElGuanajuatenseVIP\/\">El Guanajuatense VIP<\/a><\/p>\n","protected":false},"excerpt":{"rendered":"<p>#Acapulco, #Gro.-&nbsp;Por instrucci\u00f3n de la presidenta Abelina L\u00f3pez Rodr\u00edguez, el Coordinador General de Protecci\u00f3n Civil y Bomberos de Acapulco, Efr\u00e9n<\/p>\n","protected":false},"author":7,"featured_media":9211,"comment_status":"open","ping_status":"open","sticky":false,"template":"","format":"standard","meta":{"colormag_page_container_layout":"default_layout","colormag_page_sidebar_layout":"default_layout","rop_custom_images_group":[],"rop_custom_messages_group":[],"rop_publish_now":"yes","rop_publish_now_accounts":{"facebook_100397929117741_105998571690021":""},"rop_publish_now_history":[],"rop_publish_now_status":"pending","footnotes":""},"categories":[24],"tags":[111,109,42,39,41],"class_list":["post-9204","post","type-post","status-publish","format-standard","has-post-thumbnail","hentry","category-municipios-en-mexico","tag-abelina-lopez-rodriguez","tag-acapulco","tag-en-vivo","tag-ultima-hora","tag-ultimo-minuto"],"_links":{"self":[{"href":"https:\/\/elguanajuatense.vip\/index.php?rest_route=\/wp\/v2\/posts\/9204","targetHints":{"allow":["GET"]}}],"collection":[{"href":"https:\/\/elguanajuatense.vip\/index.php?rest_route=\/wp\/v2\/posts"}],"about":[{"href":"https:\/\/elguanajuatense.vip\/index.php?rest_route=\/wp\/v2\/types\/post"}],"author":[{"embeddable":true,"href":"https:\/\/elguanajuatense.vip\/index.php?rest_route=\/wp\/v2\/users\/7"}],"replies":[{"embeddable":true,"href":"https:\/\/elguanajuatense.vip\/index.php?rest_route=%2Fwp%2Fv2%2Fcomments&post=9204"}],"version-history":[{"count":1,"href":"https:\/\/elguanajuatense.vip\/index.php?rest_route=\/wp\/v2\/posts\/9204\/revisions"}],"predecessor-version":[{"id":9205,"href":"https:\/\/elguanajuatense.vip\/index.php?rest_route=\/wp\/v2\/posts\/9204\/revisions\/9205"}],"wp:featuredmedia":[{"embeddable":true,"href":"https:\/\/elguanajuatense.vip\/index.php?rest_route=\/wp\/v2\/media\/9211"}],"wp:attachment":[{"href":"https:\/\/elguanajuatense.vip\/index.php?rest_route=%2Fwp%2Fv2%2Fmedia&parent=9204"}],"wp:term":[{"taxonomy":"category","embeddable":true,"href":"https:\/\/elguanajuatense.vip\/index.php?rest_route=%2Fwp%2Fv2%2Fcategories&post=9204"},{"taxonomy":"post_tag","embeddable":true,"href":"https:\/\/elguanajuatense.vip\/index.php?rest_route=%2Fwp%2Fv2%2Ftags&post=9204"}],"curies":[{"name":"wp","href":"https:\/\/api.w.org\/{rel}","templated":true}]}}