{"id":9234,"date":"2024-10-24T18:18:07","date_gmt":"2024-10-25T00:18:07","guid":{"rendered":"https:\/\/elguanajuatense.vip\/?p=9234"},"modified":"2024-10-24T18:18:08","modified_gmt":"2024-10-25T00:18:08","slug":"irapuato-sede-del-encuentro-nacional-de-movilidad-lorenaalfarog-irapuatogob","status":"publish","type":"post","link":"https:\/\/elguanajuatense.vip\/?p=9234","title":{"rendered":"Irapuato sede del Encuentro Nacional de Movilidad \/ @LorenaAlfaroG @irapuatogob >>>"},"content":{"rendered":"\n<p><strong>#Irapuato, #Gto.-<\/strong> Irapuato es un municipio que se caracteriza por preocuparse y ocuparse en contar con una movilidad activa, sustentable e incluyente, por ello, es sede del \u201830 Encuentro Nacional de Autoridades de Movilidad\u2019.<\/p>\n\n\n\n<p>Ricardo Alfredo Serrano Rangel, presidente de la Asociaci\u00f3n Mexicana de Autoridades de Movilidad (AMAM), se\u00f1al\u00f3 que en esta reuni\u00f3n se present\u00f3 la Agenda Nacional, que busca dar a conocer una ruta estrat\u00e9gica para el futuro de la movilidad urbana y mejorar la profesionalizaci\u00f3n de los conductores, los concesionarios y la descarbonizaci\u00f3n de las unidades, entre otras metas.<\/p>\n\n\n\n<p>\u201cEs un tema hist\u00f3rico porque estamos presentando una agenda que marca un antes y un despu\u00e9s, ha sido producto de varios a\u00f1os en los que las autoridades que nos antecedieron y nosotros hemos trabajado en productos de movilidad urbana y de movilidad integral, y hoy, el reflejo est\u00e1 depositado en esta agenda nacional\u201d, manifest\u00f3.<\/p>\n\n\n\n<p>Lorena Alfaro Garc\u00eda, presidenta municipal de Irapuato, destac\u00f3 que el proyecto del municipio para mejorar la movilidad TRANSIT seguir\u00e1 avanzando con paso firme, por lo que se firm\u00f3 un Memor\u00e1ndum de Entendimiento entre el Ayuntamiento de Irapuato y GIZ M\u00e9xico.<\/p>\n\n\n\n<p> <strong>#ElGuanajuatenseVIP &#8211; <\/strong><a href=\"https:\/\/www.facebook.com\/ElGuanajuatenseVIP\/\">El Guanajuatense VIP<\/a><\/p>\n","protected":false},"excerpt":{"rendered":"<p>#Irapuato, #Gto.- Irapuato es un municipio que se caracteriza por preocuparse y ocuparse en contar con una movilidad activa, sustentable<\/p>\n","protected":false},"author":7,"featured_media":9235,"comment_status":"open","ping_status":"open","sticky":false,"template":"","format":"standard","meta":{"colormag_page_container_layout":"default_layout","colormag_page_sidebar_layout":"default_layout","rop_custom_images_group":[],"rop_custom_messages_group":[],"rop_publish_now":"yes","rop_publish_now_accounts":{"facebook_100397929117741_105998571690021":""},"rop_publish_now_history":[],"rop_publish_now_status":"pending","footnotes":""},"categories":[28],"tags":[42,58,57,39,41],"class_list":["post-9234","post","type-post","status-publish","format-standard","has-post-thumbnail","hentry","category-alcaldesas","tag-en-vivo","tag-irapuato","tag-lorena-alfaro-garcia","tag-ultima-hora","tag-ultimo-minuto"],"_links":{"self":[{"href":"https:\/\/elguanajuatense.vip\/index.php?rest_route=\/wp\/v2\/posts\/9234","targetHints":{"allow":["GET"]}}],"collection":[{"href":"https:\/\/elguanajuatense.vip\/index.php?rest_route=\/wp\/v2\/posts"}],"about":[{"href":"https:\/\/elguanajuatense.vip\/index.php?rest_route=\/wp\/v2\/types\/post"}],"author":[{"embeddable":true,"href":"https:\/\/elguanajuatense.vip\/index.php?rest_route=\/wp\/v2\/users\/7"}],"replies":[{"embeddable":true,"href":"https:\/\/elguanajuatense.vip\/index.php?rest_route=%2Fwp%2Fv2%2Fcomments&post=9234"}],"version-history":[{"count":1,"href":"https:\/\/elguanajuatense.vip\/index.php?rest_route=\/wp\/v2\/posts\/9234\/revisions"}],"predecessor-version":[{"id":9236,"href":"https:\/\/elguanajuatense.vip\/index.php?rest_route=\/wp\/v2\/posts\/9234\/revisions\/9236"}],"wp:featuredmedia":[{"embeddable":true,"href":"https:\/\/elguanajuatense.vip\/index.php?rest_route=\/wp\/v2\/media\/9235"}],"wp:attachment":[{"href":"https:\/\/elguanajuatense.vip\/index.php?rest_route=%2Fwp%2Fv2%2Fmedia&parent=9234"}],"wp:term":[{"taxonomy":"category","embeddable":true,"href":"https:\/\/elguanajuatense.vip\/index.php?rest_route=%2Fwp%2Fv2%2Fcategories&post=9234"},{"taxonomy":"post_tag","embeddable":true,"href":"https:\/\/elguanajuatense.vip\/index.php?rest_route=%2Fwp%2Fv2%2Ftags&post=9234"}],"curies":[{"name":"wp","href":"https:\/\/api.w.org\/{rel}","templated":true}]}}