{"id":9388,"date":"2024-12-12T18:47:09","date_gmt":"2024-12-13T00:47:09","guid":{"rendered":"https:\/\/elguanajuatense.vip\/?p=9388"},"modified":"2024-12-12T18:47:09","modified_gmt":"2024-12-13T00:47:09","slug":"presentan-el-voluntariado-de-la-gente-que-atendera-cercana-a-las-necesidades-ciudadanas-difgto","status":"publish","type":"post","link":"https:\/\/elguanajuatense.vip\/?p=9388","title":{"rendered":"Presentan el \u201cVoluntariado de la Gente\u201d que atender\u00e1 cercana a las necesidades ciudadanas \/ @difgto >>>"},"content":{"rendered":"\n<p><strong>#DIF.-<\/strong> En el marco del D\u00eda Internacional de las y los Voluntarios, la Gobernadora\u00a0Libia Dennise Garc\u00eda Mu\u00f1oz Ledo\u00a0y el Presidente del Consejo Consultivo del Sistema DIF Estatal Guanajuato, el Dr.\u00a0Juan Carlos Montesinos Carranza\u00a0reconocieron la labor altruista de las y los voluntarios del Estado, quienes trabajar\u00e1n de manera coordinada para impulsar las acciones y lleguen de manera puntual a las necesidades de la poblaci\u00f3n.<\/p>\n\n\n\n<p>La Ejecutiva del Estado, reconoci\u00f3 el trabajo de los grupos&nbsp;voluntarios&nbsp;ya que es una de las tareas m\u00e1s importante de la solidaridad y del compromiso social de una persona; \u201cMi reconocimiento, valoro mucho el esfuerzo que hacen a favor de nuestra gente; es el tiempo que nos regalan, que no tiene precio, es algo que no se paga, pero es digno de reconocerse, estoy convencida como Gobernadora, como mujer, como mam\u00e1s es dejar un mejor Guanajuato\u201d, afirm\u00f3.&nbsp;<\/p>\n\n\n\n<p>\u201cEl prop\u00f3sito que perseguimos los que estamos hoy aqu\u00ed, es dejar un Guanajuato mejor de lo que hoy tenemos, por eso cada uno tiene causas muy especiales y que tocan el coraz\u00f3n por eso cada uno ha entregado, en cuerpo, en alma, en coraz\u00f3n y esp\u00edritu que nos regalan como voluntarios todos los d\u00edas, porque con su trabajo diario hacen la diferencia en un Guanajuato que necesita de todos nosotros\u201d, se\u00f1al\u00f3.<\/p>\n\n\n\n<p>En su mensaje, mencion\u00f3 que la motivaci\u00f3n m\u00e1s importante para Gobernar Guanajuato, es trabajar para que las familias lleven una vida mejor; \u201chacer que este estado sea un mejor lugar para las futuras generaciones, eso es lo que me motiva todos los d\u00edas y por eso decid\u00ed que este sea el gobierno de la gente, porque en nuestro nombre llevamos nuestra vocaci\u00f3n de trabajo y llegar aquellos que m\u00e1s lo necesitan\u201d.<\/p>\n\n\n\n<p>Explic\u00f3 que el trabajo que realizar\u00e1n las y los voluntarios es de gran trascendencia ya que permitir\u00e1 llegar a cada rinc\u00f3n de Guanajuato; \u201choy celebro esta iniciativa de unificar el trabajo de las y los voluntarios, porque cada uno hace la diferencia donde est\u00e1, porque si trabajamos por las causas de la gente y si van acompa\u00f1ado de este gobierno que lo que busca es que nuestras familias vivan mejor, estoy segura que los resultados ser\u00e1n mucho mejores\u201d.<\/p>\n\n\n\n<p><strong>#ElGuanajuatenseVIP &#8211; <\/strong><a href=\"https:\/\/www.facebook.com\/ElGuanajuatenseVIP\/\">El Guanajuatense VIP<\/a><\/p>\n","protected":false},"excerpt":{"rendered":"<p>#DIF.- En el marco del D\u00eda Internacional de las y los Voluntarios, la Gobernadora\u00a0Libia Dennise Garc\u00eda Mu\u00f1oz Ledo\u00a0y el Presidente<\/p>\n","protected":false},"author":7,"featured_media":9389,"comment_status":"open","ping_status":"open","sticky":false,"template":"","format":"standard","meta":{"colormag_page_container_layout":"default_layout","colormag_page_sidebar_layout":"default_layout","rop_custom_images_group":[],"rop_custom_messages_group":[],"rop_publish_now":"yes","rop_publish_now_accounts":{"facebook_100397929117741_105998571690021":""},"rop_publish_now_history":[],"rop_publish_now_status":"pending","footnotes":""},"categories":[169],"tags":[172,42,39,41],"class_list":["post-9388","post","type-post","status-publish","format-standard","has-post-thumbnail","hentry","category-dif","tag-dif-estatal-guanajuato","tag-en-vivo","tag-ultima-hora","tag-ultimo-minuto"],"_links":{"self":[{"href":"https:\/\/elguanajuatense.vip\/index.php?rest_route=\/wp\/v2\/posts\/9388","targetHints":{"allow":["GET"]}}],"collection":[{"href":"https:\/\/elguanajuatense.vip\/index.php?rest_route=\/wp\/v2\/posts"}],"about":[{"href":"https:\/\/elguanajuatense.vip\/index.php?rest_route=\/wp\/v2\/types\/post"}],"author":[{"embeddable":true,"href":"https:\/\/elguanajuatense.vip\/index.php?rest_route=\/wp\/v2\/users\/7"}],"replies":[{"embeddable":true,"href":"https:\/\/elguanajuatense.vip\/index.php?rest_route=%2Fwp%2Fv2%2Fcomments&post=9388"}],"version-history":[{"count":1,"href":"https:\/\/elguanajuatense.vip\/index.php?rest_route=\/wp\/v2\/posts\/9388\/revisions"}],"predecessor-version":[{"id":9390,"href":"https:\/\/elguanajuatense.vip\/index.php?rest_route=\/wp\/v2\/posts\/9388\/revisions\/9390"}],"wp:featuredmedia":[{"embeddable":true,"href":"https:\/\/elguanajuatense.vip\/index.php?rest_route=\/wp\/v2\/media\/9389"}],"wp:attachment":[{"href":"https:\/\/elguanajuatense.vip\/index.php?rest_route=%2Fwp%2Fv2%2Fmedia&parent=9388"}],"wp:term":[{"taxonomy":"category","embeddable":true,"href":"https:\/\/elguanajuatense.vip\/index.php?rest_route=%2Fwp%2Fv2%2Fcategories&post=9388"},{"taxonomy":"post_tag","embeddable":true,"href":"https:\/\/elguanajuatense.vip\/index.php?rest_route=%2Fwp%2Fv2%2Ftags&post=9388"}],"curies":[{"name":"wp","href":"https:\/\/api.w.org\/{rel}","templated":true}]}}