{"id":9669,"date":"2025-04-07T19:32:21","date_gmt":"2025-04-08T01:32:21","guid":{"rendered":"https:\/\/elguanajuatense.vip\/?p=9669"},"modified":"2025-04-07T19:32:22","modified_gmt":"2025-04-08T01:32:22","slug":"leon-guanajuato-en-los-ojos-del-pais-y-el-mundo-alegutierrez_mx-municipio_leon","status":"publish","type":"post","link":"https:\/\/elguanajuatense.vip\/?p=9669","title":{"rendered":"Le\u00f3n, Guanajuato, en los ojos del pa\u00eds y el mundo \/ @AleGutierrez_mx @municipio_leon >>>"},"content":{"rendered":"\n<p><strong>#Le\u00f3n, #Gto.-<\/strong> Le\u00f3n es una ciudad viva y vibrante que est\u00e1 en los ojos del pa\u00eds y del mundo, por la gran variedad y calidad de eventos que ofrece para todas y todos, y la Feria Nacional del Libro de Le\u00f3n, (Fenal), es un claro ejemplo de ello.<\/p>\n\n\n\n<p>Ante medios nacionales, la presidenta municipal de Le\u00f3n, Ale Guti\u00e9rrez, present\u00f3 la edici\u00f3n 36 de la Fenal, la fiesta de las letras, que se llevar\u00e1 a cabo del 25 de abril al 4 de mayo en Poliforum Le\u00f3n y donde destac\u00f3 que cada uno de los eventos que se realizan en el municipio son \u00fanicos y se adaptan a las necesidades de cada visitante.<\/p>\n\n\n\n<p><strong>\u201cHoy venimos a presentarles un gran evento, y cada uno de ellos tiene una naturaleza completamente diferente, para p\u00fablicos diferentes y al final de cuentas estamos en los ojos del pa\u00eds y del mundo, con cosas importantes, con mucho talento. De este 25 de abril al 4 de mayo, los esperamos con los brazos abiertos en esta Feria del Libro y no es una m\u00e1s, es una feria del libro donde siempre habr\u00e1 talento, hay mucho que ofrecer, no solamente es la venta de libros, sino que hay toda una cartelera para que puedan ir, hay teatro, cuentacuentos, pueden escuchar m\u00fasica, llegas y son todos los sentidos\u201d,<\/strong><\/p>\n\n\n\n<p>Ale Guti\u00e9rrez, explic\u00f3 que este encuentro vale la pena porque la gente podr\u00e1 disfrutar, descubrir y conocer las m\u00e1s de 194 actividades entre conferencias, presentaciones editoriales, espect\u00e1culos art\u00edsticos y talleres que ah\u00ed encontrar\u00e1n para ni\u00f1os desde los 3 a\u00f1os y hasta adultos mayores.<\/p>\n\n\n\n<p>Adem\u00e1s, destac\u00f3 que en esta edici\u00f3n 36 de la Fenal se presumir\u00e1 el talento literario regional y por ello habr\u00e1 un m\u00f3dulo para que las personas conozcan los libros que se publicaron en Le\u00f3n, por ejemplo el reci\u00e9n presentado, \u201cLa Ciudad Hist\u00f3rica de Le\u00f3n\u201d.<\/p>\n\n\n\n<p><strong>\u201cEs seguir haciendo eventos que recuerden la historia, nuestra identidad y que la gente tenga un atractivo para estar en Le\u00f3n\u201d, mencion\u00f3.<\/strong><\/p>\n\n\n\n<p>La FENAL es uno de los 116 eventos que se realizar\u00e1n este a\u00f1o en Le\u00f3n y tan solo en estos d\u00edas se espera recibir m\u00e1s de 104 mil visitantes y lograr una derrama econ\u00f3mica de 21 millones de pesos.<\/p>\n\n\n\n<p>Lisette Ahedo Espinosa, directora del Instituto Cultural de Le\u00f3n explic\u00f3 que la Fenal es un conjunto de expresiones art\u00edsticas y culturales y sobre todo una oportunidad de acercarse a la promoci\u00f3n a la lectoescritura.<\/p>\n\n\n\n<p><strong>#ElGuanajuatenseVIP &#8211; <\/strong><a href=\"https:\/\/www.facebook.com\/ElGuanajuatenseVIP\/\">El Guanajuatense VIP<\/a><\/p>\n","protected":false},"excerpt":{"rendered":"<p>#Le\u00f3n, #Gto.- Le\u00f3n es una ciudad viva y vibrante que est\u00e1 en los ojos del pa\u00eds y del mundo, por<\/p>\n","protected":false},"author":7,"featured_media":9670,"comment_status":"open","ping_status":"open","sticky":false,"template":"","format":"standard","meta":{"colormag_page_container_layout":"default_layout","colormag_page_sidebar_layout":"default_layout","rop_custom_images_group":[],"rop_custom_messages_group":[],"rop_publish_now":"yes","rop_publish_now_accounts":{"facebook_100397929117741_105998571690021":""},"rop_publish_now_history":[],"rop_publish_now_status":"pending","footnotes":""},"categories":[28],"tags":[78,42,74,39,41],"class_list":["post-9669","post","type-post","status-publish","format-standard","has-post-thumbnail","hentry","category-alcaldesas","tag-alejandra-gutierrez-campos","tag-en-vivo","tag-leon","tag-ultima-hora","tag-ultimo-minuto"],"_links":{"self":[{"href":"https:\/\/elguanajuatense.vip\/index.php?rest_route=\/wp\/v2\/posts\/9669","targetHints":{"allow":["GET"]}}],"collection":[{"href":"https:\/\/elguanajuatense.vip\/index.php?rest_route=\/wp\/v2\/posts"}],"about":[{"href":"https:\/\/elguanajuatense.vip\/index.php?rest_route=\/wp\/v2\/types\/post"}],"author":[{"embeddable":true,"href":"https:\/\/elguanajuatense.vip\/index.php?rest_route=\/wp\/v2\/users\/7"}],"replies":[{"embeddable":true,"href":"https:\/\/elguanajuatense.vip\/index.php?rest_route=%2Fwp%2Fv2%2Fcomments&post=9669"}],"version-history":[{"count":1,"href":"https:\/\/elguanajuatense.vip\/index.php?rest_route=\/wp\/v2\/posts\/9669\/revisions"}],"predecessor-version":[{"id":9671,"href":"https:\/\/elguanajuatense.vip\/index.php?rest_route=\/wp\/v2\/posts\/9669\/revisions\/9671"}],"wp:featuredmedia":[{"embeddable":true,"href":"https:\/\/elguanajuatense.vip\/index.php?rest_route=\/wp\/v2\/media\/9670"}],"wp:attachment":[{"href":"https:\/\/elguanajuatense.vip\/index.php?rest_route=%2Fwp%2Fv2%2Fmedia&parent=9669"}],"wp:term":[{"taxonomy":"category","embeddable":true,"href":"https:\/\/elguanajuatense.vip\/index.php?rest_route=%2Fwp%2Fv2%2Fcategories&post=9669"},{"taxonomy":"post_tag","embeddable":true,"href":"https:\/\/elguanajuatense.vip\/index.php?rest_route=%2Fwp%2Fv2%2Ftags&post=9669"}],"curies":[{"name":"wp","href":"https:\/\/api.w.org\/{rel}","templated":true}]}}