{"id":9672,"date":"2025-04-09T19:55:56","date_gmt":"2025-04-10T01:55:56","guid":{"rendered":"https:\/\/elguanajuatense.vip\/?p=9672"},"modified":"2025-04-09T19:55:56","modified_gmt":"2025-04-10T01:55:56","slug":"guanajuato-gobernadora-libia-dennise-presenta-avances-en-proteccion-a-defensores-y-periodistas-libiadennise-gobiernogto","status":"publish","type":"post","link":"https:\/\/elguanajuatense.vip\/?p=9672","title":{"rendered":"Guanajuato: Gobernadora Libia Dennise presenta avances en protecci\u00f3n a defensores y periodistas \/ @LibiaDennise @gobiernogto >>>"},"content":{"rendered":"\n<p><strong>#GobiernoDeGuanajuato.-<\/strong> La Gobernadora de Guanajuato, Libia Dennise, expres\u00f3 que atender personalmente el trabajo del Consejo Estatal de Protecci\u00f3n a Personas Defensoras de Derechos Humanos y Periodistas de Guanajuato ha sido siempre una de sus prioridades. En este sentido, acudi\u00f3 a la presentaci\u00f3n del Informe Anual de Trabajo de dicho Consejo, un espacio en el que se dio cuenta de los avances y acciones implementadas para proteger a quienes ejercen el periodismo y la defensa de los derechos humanos en el estado.<\/p>\n\n\n\n<p>Durante su intervenci\u00f3n, la Gobernadora destac\u00f3 los avances significativos alcanzados en los \u00faltimos meses en materia de seguridad y protecci\u00f3n para los periodistas y defensores de derechos humanos. Asegur\u00f3 que la administraci\u00f3n estatal continuar\u00e1 implementando acciones que garanticen su integridad y libertad, reafirmando el compromiso del gobierno con la protecci\u00f3n de estos grupos vulnerables que desempe\u00f1an una labor fundamental para la democracia y los derechos humanos.<\/p>\n\n\n\n<p>Libia Dennise tambi\u00e9n aprovech\u00f3 la ocasi\u00f3n para reconocer el trabajo y compromiso de diversas personas que han sido piezas clave en el avance del Consejo. Agradeci\u00f3 a Jos\u00e9 Meza Tapia, Sof\u00eda Negrete Cu\u00e9llar y Carlos Alberto Garc\u00eda Balandr\u00e1n por su dedicaci\u00f3n, as\u00ed como a Isela Berenice Olimpia Montoya Ju\u00e1rez, Laura Mart\u00ednez Aldana y Mar\u00eda Cristina Rodr\u00edguez Garc\u00eda por su incansable labor como defensoras de derechos humanos, destacando su esfuerzo por mejorar las condiciones de quienes m\u00e1s lo necesitan.<\/p>\n\n\n\n<p>Finalmente, la Gobernadora ofreci\u00f3 un merecido reconocimiento a Adri\u00e1n N\u00e1jera, Secretario T\u00e9cnico del Consejo, por su trabajo cercano y profesional, que ha sido fundamental para el buen funcionamiento del Consejo Estatal de Protecci\u00f3n a Personas Defensoras de Derechos Humanos y Periodistas. Con este informe, se reafirma el compromiso de Guanajuato con la seguridad, la libertad de expresi\u00f3n y la defensa de los derechos humanos.<\/p>\n\n\n\n<p><strong>#ElGuanajuatenseVIP &#8211; <\/strong><a href=\"https:\/\/www.facebook.com\/ElGuanajuatenseVIP\/\">El Guanajuatense VIP<\/a><\/p>\n","protected":false},"excerpt":{"rendered":"<p>#GobiernoDeGuanajuato.- La Gobernadora de Guanajuato, Libia Dennise, expres\u00f3 que atender personalmente el trabajo del Consejo Estatal de Protecci\u00f3n a Personas<\/p>\n","protected":false},"author":7,"featured_media":9673,"comment_status":"open","ping_status":"open","sticky":false,"template":"","format":"standard","meta":{"colormag_page_container_layout":"default_layout","colormag_page_sidebar_layout":"default_layout","rop_custom_images_group":[],"rop_custom_messages_group":[],"rop_publish_now":"yes","rop_publish_now_accounts":{"facebook_100397929117741_105998571690021":""},"rop_publish_now_history":[],"rop_publish_now_status":"pending","footnotes":""},"categories":[7],"tags":[42,30,174,39,41],"class_list":["post-9672","post","type-post","status-publish","format-standard","has-post-thumbnail","hentry","category-principales","tag-en-vivo","tag-guanajuato-gobierno-del-estado","tag-libia-dennise","tag-ultima-hora","tag-ultimo-minuto"],"_links":{"self":[{"href":"https:\/\/elguanajuatense.vip\/index.php?rest_route=\/wp\/v2\/posts\/9672","targetHints":{"allow":["GET"]}}],"collection":[{"href":"https:\/\/elguanajuatense.vip\/index.php?rest_route=\/wp\/v2\/posts"}],"about":[{"href":"https:\/\/elguanajuatense.vip\/index.php?rest_route=\/wp\/v2\/types\/post"}],"author":[{"embeddable":true,"href":"https:\/\/elguanajuatense.vip\/index.php?rest_route=\/wp\/v2\/users\/7"}],"replies":[{"embeddable":true,"href":"https:\/\/elguanajuatense.vip\/index.php?rest_route=%2Fwp%2Fv2%2Fcomments&post=9672"}],"version-history":[{"count":1,"href":"https:\/\/elguanajuatense.vip\/index.php?rest_route=\/wp\/v2\/posts\/9672\/revisions"}],"predecessor-version":[{"id":9674,"href":"https:\/\/elguanajuatense.vip\/index.php?rest_route=\/wp\/v2\/posts\/9672\/revisions\/9674"}],"wp:featuredmedia":[{"embeddable":true,"href":"https:\/\/elguanajuatense.vip\/index.php?rest_route=\/wp\/v2\/media\/9673"}],"wp:attachment":[{"href":"https:\/\/elguanajuatense.vip\/index.php?rest_route=%2Fwp%2Fv2%2Fmedia&parent=9672"}],"wp:term":[{"taxonomy":"category","embeddable":true,"href":"https:\/\/elguanajuatense.vip\/index.php?rest_route=%2Fwp%2Fv2%2Fcategories&post=9672"},{"taxonomy":"post_tag","embeddable":true,"href":"https:\/\/elguanajuatense.vip\/index.php?rest_route=%2Fwp%2Fv2%2Ftags&post=9672"}],"curies":[{"name":"wp","href":"https:\/\/api.w.org\/{rel}","templated":true}]}}