{"id":9747,"date":"2025-05-19T18:23:01","date_gmt":"2025-05-20T00:23:01","guid":{"rendered":"https:\/\/elguanajuatense.vip\/?p=9747"},"modified":"2025-05-19T18:23:01","modified_gmt":"2025-05-20T00:23:01","slug":"presidenta-850-mil-mdp-en-bienestar-en-2025-9-5-millones-salieron-de-la-pobreza-claudiashein-gobiernomx","status":"publish","type":"post","link":"https:\/\/elguanajuatense.vip\/?p=9747","title":{"rendered":"Presidenta: 850 mil mdp en Bienestar en 2025; 9.5 millones salieron de la pobreza \/ @Claudiashein @GobiernoMX >>>"},"content":{"rendered":"\n<p class=\"wp-block-paragraph\">#G<strong>obiernoDeM\u00e9xico.-<\/strong> La Presidenta de M\u00e9xico, Claudia Sheinbaum Pardo, resalt\u00f3 que los Programas para el Bienestar representan una inversi\u00f3n social en 2025 de cerca de 850 mil millones de pesos (mdp), lo que ha permitido, de acuerdo con datos del Banco Mundial, que 9.5 millones de mexicanas y mexicanos salieran de la pobreza entre 2018 y 2023.<\/p>\n\n\n\n<p class=\"wp-block-paragraph\">\u201cEl \u00faltimo reporte del Banco Mundial informa que, en M\u00e9xico, en el periodo del Presidente L\u00f3pez Obrador, sin contar el 2024, la pobreza disminuy\u00f3 en 9.5 millones de personas, es la disminuci\u00f3n de la pobreza m\u00e1s grande de los \u00faltimos 40 a\u00f1os. Es por los Programas de Bienestar y tambi\u00e9n por el aumento al salario m\u00ednimo, y todas las reformas laborales que se hicieron en el periodo del Presidente L\u00f3pez Obrador\u201d, destac\u00f3 en la conferencia matutina: \u201cLas ma\u00f1aneras del pueblo\u201d.<\/p>\n\n\n\n<p class=\"wp-block-paragraph\">Record\u00f3 que los Programas para el Bienestar \u2014a los cuales se a\u00f1adieron los nuevos apoyos Pensi\u00f3n Mujeres Bienestar, Beca Rita Cetina Guti\u00e9rrez y Salud Casa por Casa\u2013, ya son un derecho constitucional y se proyecta que en 2026 la inversi\u00f3n represente un bill\u00f3n de pesos que se entregar\u00e1n de manera directa a cerca de 30 millones de familias mexicanas, mejorando su calidad de vida e impulsando la econom\u00eda nacional, por lo que se estima que el pr\u00f3ximo a\u00f1o disminuya a\u00fan m\u00e1s la pobreza.<\/p>\n\n\n\n<p class=\"wp-block-paragraph\"><strong>#ElGuanajuatenseVIP &#8211; <\/strong><a href=\"https:\/\/www.facebook.com\/ElGuanajuatenseVIP\/\">El Guanajuatense VIP<\/a><\/p>\n","protected":false},"excerpt":{"rendered":"<p>#GobiernoDeM\u00e9xico.- La Presidenta de M\u00e9xico, Claudia Sheinbaum Pardo, resalt\u00f3 que los Programas para el Bienestar representan una inversi\u00f3n social en<\/p>\n","protected":false},"author":7,"featured_media":9748,"comment_status":"open","ping_status":"open","sticky":false,"template":"","format":"standard","meta":{"colormag_page_container_layout":"default_layout","colormag_page_sidebar_layout":"default_layout","rop_custom_images_group":[],"rop_custom_messages_group":[],"rop_publish_now":"yes","rop_publish_now_accounts":{"facebook_100397929117741_105998571690021":""},"rop_publish_now_history":[],"rop_publish_now_status":"pending","footnotes":""},"categories":[7],"tags":[54,42,47,39,41],"class_list":["post-9747","post","type-post","status-publish","format-standard","has-post-thumbnail","hentry","category-principales","tag-claudia-sheinbaum-pardo","tag-en-vivo","tag-gobierno-de-mexico","tag-ultima-hora","tag-ultimo-minuto"],"_links":{"self":[{"href":"https:\/\/elguanajuatense.vip\/index.php?rest_route=\/wp\/v2\/posts\/9747","targetHints":{"allow":["GET"]}}],"collection":[{"href":"https:\/\/elguanajuatense.vip\/index.php?rest_route=\/wp\/v2\/posts"}],"about":[{"href":"https:\/\/elguanajuatense.vip\/index.php?rest_route=\/wp\/v2\/types\/post"}],"author":[{"embeddable":true,"href":"https:\/\/elguanajuatense.vip\/index.php?rest_route=\/wp\/v2\/users\/7"}],"replies":[{"embeddable":true,"href":"https:\/\/elguanajuatense.vip\/index.php?rest_route=%2Fwp%2Fv2%2Fcomments&post=9747"}],"version-history":[{"count":1,"href":"https:\/\/elguanajuatense.vip\/index.php?rest_route=\/wp\/v2\/posts\/9747\/revisions"}],"predecessor-version":[{"id":9749,"href":"https:\/\/elguanajuatense.vip\/index.php?rest_route=\/wp\/v2\/posts\/9747\/revisions\/9749"}],"wp:featuredmedia":[{"embeddable":true,"href":"https:\/\/elguanajuatense.vip\/index.php?rest_route=\/wp\/v2\/media\/9748"}],"wp:attachment":[{"href":"https:\/\/elguanajuatense.vip\/index.php?rest_route=%2Fwp%2Fv2%2Fmedia&parent=9747"}],"wp:term":[{"taxonomy":"category","embeddable":true,"href":"https:\/\/elguanajuatense.vip\/index.php?rest_route=%2Fwp%2Fv2%2Fcategories&post=9747"},{"taxonomy":"post_tag","embeddable":true,"href":"https:\/\/elguanajuatense.vip\/index.php?rest_route=%2Fwp%2Fv2%2Ftags&post=9747"}],"curies":[{"name":"wp","href":"https:\/\/api.w.org\/{rel}","templated":true}]}}