{"id":9777,"date":"2025-06-13T21:40:12","date_gmt":"2025-06-14T03:40:12","guid":{"rendered":"https:\/\/elguanajuatense.vip\/?p=9777"},"modified":"2025-06-13T21:40:13","modified_gmt":"2025-06-14T03:40:13","slug":"ssg-inicia-campana-de-vacunacion-sr-para-maestros-y-personal-medico-en-la-jurisdiccion-sanitaria-vi","status":"publish","type":"post","link":"https:\/\/elguanajuatense.vip\/?p=9777","title":{"rendered":"SSG inicia campa\u00f1a de Vacunaci\u00f3n SR para maestros y personal m\u00e9dico en la Jurisdicci\u00f3n Sanitaria VI \/"},"content":{"rendered":"\n<p><strong>#GobiernoDeGuanajuato.-<\/strong> La campa\u00f1a se lleva a cabo del 12 al 20 de junio, en un horario de 08:00 a 14:00 horas, en todas las unidades de salud de la Jurisdicci\u00f3n.<\/p>\n\n\n\n<p>Requisitos para la aplicaci\u00f3n de la vacuna:<\/p>\n\n\n\n<ul class=\"wp-block-list\">\n<li>Presentar Cartilla Nacional de Salud<\/li>\n\n\n\n<li>En el caso de personal m\u00e9dico, C\u00e9dula Profesional<\/li>\n\n\n\n<li>Para maestras y maestros, Credencial Laboral<\/li>\n<\/ul>\n\n\n\n<p>Para quienes no puedan acudir en d\u00edas h\u00e1biles, el jueves 20 de junio se instalar\u00e1n macropuntos de vacunaci\u00f3n, con horario de 08:00 a 18:00 horas, en los siguientes municipios.<\/p>\n\n\n\n<ul class=\"wp-block-list\">\n<li>Irapuato: Centro Guanajuato Social Benito Ju\u00e1rez \u2013 Av. Mariano J. Garc\u00eda 343<\/li>\n\n\n\n<li>Abasolo: POLIFORUM \u2013 Guerrero Pte. S\/N<\/li>\n\n\n\n<li>P\u00e9njamo: CESSA P\u00e9njamo \u2013 Aldama 38, Zona Centro<\/li>\n\n\n\n<li>Santa Ana Pacueco: Centro Nuevo Comienzo \u2013 Av. Villagr\u00e1n 122, esquina con Comonfort<\/li>\n\n\n\n<li>Cuer\u00e1maro: CESSA Cuer\u00e1maro \u2013 Venustiano Carranza 400<\/li>\n<\/ul>\n\n\n\n<p>&nbsp;&nbsp;&nbsp;La vacunaci\u00f3n SR es segura y gratuita, y ayuda a prevenir enfermedades graves que pueden afectar tanto a la persona vacunada como a su entorno. Actualmente, a nivel mundial se reporta un incremento en casos de sarampi\u00f3n, por lo que M\u00e9xico mantiene acciones de prevenci\u00f3n y vigilancia epidemiol\u00f3gica.<\/p>\n\n\n\n<p>&nbsp;&nbsp;&nbsp;\u201cProteger a quienes cuidan y educan es clave para evitar brotes. Por eso hacemos un llamado responsable al personal educativo y m\u00e9dico a que acuda a vacunarse. Esta es una acci\u00f3n que salva vidas\u201d, destac\u00f3 la Dra. Deborah Due\u00f1as, Jefa de la Jurisdicci\u00f3n Sanitaria VI.<\/p>\n\n\n\n<p><strong>#ElGuanajuatenseVIP \u2013\u00a0<\/strong><a href=\"https:\/\/www.facebook.com\/ElGuanajuatenseVIP\/\">El Guanajuatense VIP<\/a><\/p>\n","protected":false},"excerpt":{"rendered":"<p>#GobiernoDeGuanajuato.- La campa\u00f1a se lleva a cabo del 12 al 20 de junio, en un horario de 08:00 a 14:00<\/p>\n","protected":false},"author":7,"featured_media":9778,"comment_status":"open","ping_status":"open","sticky":false,"template":"","format":"standard","meta":{"colormag_page_container_layout":"default_layout","colormag_page_sidebar_layout":"default_layout","rop_custom_images_group":[],"rop_custom_messages_group":[],"rop_publish_now":"yes","rop_publish_now_accounts":{"facebook_100397929117741_105998571690021":""},"rop_publish_now_history":[],"rop_publish_now_status":"pending","footnotes":""},"categories":[23],"tags":[42,30,39,41],"class_list":["post-9777","post","type-post","status-publish","format-standard","has-post-thumbnail","hentry","category-secretarias","tag-en-vivo","tag-guanajuato-gobierno-del-estado","tag-ultima-hora","tag-ultimo-minuto"],"_links":{"self":[{"href":"https:\/\/elguanajuatense.vip\/index.php?rest_route=\/wp\/v2\/posts\/9777","targetHints":{"allow":["GET"]}}],"collection":[{"href":"https:\/\/elguanajuatense.vip\/index.php?rest_route=\/wp\/v2\/posts"}],"about":[{"href":"https:\/\/elguanajuatense.vip\/index.php?rest_route=\/wp\/v2\/types\/post"}],"author":[{"embeddable":true,"href":"https:\/\/elguanajuatense.vip\/index.php?rest_route=\/wp\/v2\/users\/7"}],"replies":[{"embeddable":true,"href":"https:\/\/elguanajuatense.vip\/index.php?rest_route=%2Fwp%2Fv2%2Fcomments&post=9777"}],"version-history":[{"count":1,"href":"https:\/\/elguanajuatense.vip\/index.php?rest_route=\/wp\/v2\/posts\/9777\/revisions"}],"predecessor-version":[{"id":9779,"href":"https:\/\/elguanajuatense.vip\/index.php?rest_route=\/wp\/v2\/posts\/9777\/revisions\/9779"}],"wp:featuredmedia":[{"embeddable":true,"href":"https:\/\/elguanajuatense.vip\/index.php?rest_route=\/wp\/v2\/media\/9778"}],"wp:attachment":[{"href":"https:\/\/elguanajuatense.vip\/index.php?rest_route=%2Fwp%2Fv2%2Fmedia&parent=9777"}],"wp:term":[{"taxonomy":"category","embeddable":true,"href":"https:\/\/elguanajuatense.vip\/index.php?rest_route=%2Fwp%2Fv2%2Fcategories&post=9777"},{"taxonomy":"post_tag","embeddable":true,"href":"https:\/\/elguanajuatense.vip\/index.php?rest_route=%2Fwp%2Fv2%2Ftags&post=9777"}],"curies":[{"name":"wp","href":"https:\/\/api.w.org\/{rel}","templated":true}]}}