{"id":9784,"date":"2025-06-16T19:08:14","date_gmt":"2025-06-17T01:08:14","guid":{"rendered":"https:\/\/elguanajuatense.vip\/?p=9784"},"modified":"2025-06-16T19:08:15","modified_gmt":"2025-06-17T01:08:15","slug":"guanajuato-fortalece-su-sistema-de-salud","status":"publish","type":"post","link":"https:\/\/elguanajuatense.vip\/?p=9784","title":{"rendered":"Guanajuato fortalece su sistema de salud \/"},"content":{"rendered":"\n<p><strong>#GobiernoDeGuanajuato.- <\/strong>Guanajuato se consolida como referente nacional en materia de salud, destacando por contar con el mejor sistema de salud de M\u00e9xico. Esta afirmaci\u00f3n se respalda con resultados visibles y un compromiso constante por brindar atenci\u00f3n m\u00e9dica de calidad a todas y todos los guanajuatenses.<\/p>\n\n\n\n<p>Durante una nueva jornada del programa <strong>Conectando Con la Gente<\/strong>, se reafirm\u00f3 la cercan\u00eda del sector salud con la poblaci\u00f3n, escuchando sus necesidades y atendiendo sus inquietudes de forma directa. Este enfoque humano fortalece la confianza de la ciudadan\u00eda en los servicios de salud.<\/p>\n\n\n\n<p>El secretario de Salud, Dr. Gabriel Cort\u00e9s Alcal\u00e1, acompa\u00f1\u00f3 esta jornada, mostrando su compromiso y liderazgo en el fortalecimiento del sistema. Su presencia refuerza el mensaje de que la salud es una prioridad en Guanajuato, y que se trabaja todos los d\u00edas para mejorarla.<\/p>\n\n\n\n<p>Con acciones concretas y una visi\u00f3n centrada en las personas, Guanajuato demuestra que es posible construir un sistema de salud eficaz, cercano y comprometido, donde lo m\u00e1s importante es siempre la gente.<\/p>\n\n\n\n<p><\/p>\n","protected":false},"excerpt":{"rendered":"<p>#GobiernoDeGuanajuato.- Guanajuato se consolida como referente nacional en materia de salud, destacando por contar con el mejor sistema de salud<\/p>\n","protected":false},"author":7,"featured_media":9785,"comment_status":"open","ping_status":"open","sticky":false,"template":"","format":"standard","meta":{"colormag_page_container_layout":"default_layout","colormag_page_sidebar_layout":"default_layout","rop_custom_images_group":[],"rop_custom_messages_group":[],"rop_publish_now":"yes","rop_publish_now_accounts":{"facebook_100397929117741_105998571690021":""},"rop_publish_now_history":[],"rop_publish_now_status":"pending","footnotes":""},"categories":[7],"tags":[42,30,174,39,41],"class_list":["post-9784","post","type-post","status-publish","format-standard","has-post-thumbnail","hentry","category-principales","tag-en-vivo","tag-guanajuato-gobierno-del-estado","tag-libia-dennise","tag-ultima-hora","tag-ultimo-minuto"],"_links":{"self":[{"href":"https:\/\/elguanajuatense.vip\/index.php?rest_route=\/wp\/v2\/posts\/9784","targetHints":{"allow":["GET"]}}],"collection":[{"href":"https:\/\/elguanajuatense.vip\/index.php?rest_route=\/wp\/v2\/posts"}],"about":[{"href":"https:\/\/elguanajuatense.vip\/index.php?rest_route=\/wp\/v2\/types\/post"}],"author":[{"embeddable":true,"href":"https:\/\/elguanajuatense.vip\/index.php?rest_route=\/wp\/v2\/users\/7"}],"replies":[{"embeddable":true,"href":"https:\/\/elguanajuatense.vip\/index.php?rest_route=%2Fwp%2Fv2%2Fcomments&post=9784"}],"version-history":[{"count":1,"href":"https:\/\/elguanajuatense.vip\/index.php?rest_route=\/wp\/v2\/posts\/9784\/revisions"}],"predecessor-version":[{"id":9786,"href":"https:\/\/elguanajuatense.vip\/index.php?rest_route=\/wp\/v2\/posts\/9784\/revisions\/9786"}],"wp:featuredmedia":[{"embeddable":true,"href":"https:\/\/elguanajuatense.vip\/index.php?rest_route=\/wp\/v2\/media\/9785"}],"wp:attachment":[{"href":"https:\/\/elguanajuatense.vip\/index.php?rest_route=%2Fwp%2Fv2%2Fmedia&parent=9784"}],"wp:term":[{"taxonomy":"category","embeddable":true,"href":"https:\/\/elguanajuatense.vip\/index.php?rest_route=%2Fwp%2Fv2%2Fcategories&post=9784"},{"taxonomy":"post_tag","embeddable":true,"href":"https:\/\/elguanajuatense.vip\/index.php?rest_route=%2Fwp%2Fv2%2Ftags&post=9784"}],"curies":[{"name":"wp","href":"https:\/\/api.w.org\/{rel}","templated":true}]}}