{"id":9938,"date":"2025-07-28T21:30:45","date_gmt":"2025-07-29T03:30:45","guid":{"rendered":"https:\/\/elguanajuatense.vip\/?p=9938"},"modified":"2025-07-28T21:30:45","modified_gmt":"2025-07-29T03:30:45","slug":"guanajuato-brilla-con-la-feria-de-silao-libia-dennise-impulsa-la-alegria-y-la-tradicion-familiar","status":"publish","type":"post","link":"https:\/\/elguanajuatense.vip\/?p=9938","title":{"rendered":"Guanajuato brilla con la Feria de Silao: Libia Dennise impulsa la alegr\u00eda y la tradici\u00f3n familiar \/"},"content":{"rendered":"\n<p><strong>#GobiernoDeGuanajuato.-<\/strong> La gobernadora de Guanajuato, Libia Dennise, ha destacado con entusiasmo la celebraci\u00f3n de la Feria de Silao, uno de los eventos m\u00e1s esperados del verano en el estado. Con un ambiente vibrante y lleno de color, la feria se ha convertido en un espacio de encuentro para familias, amigos y visitantes que buscan disfrutar de la m\u00fasica, las tradiciones y las actividades culturales que caracterizan a esta regi\u00f3n.<\/p>\n\n\n\n<p>Durante su visita, Libia Dennise subray\u00f3 que la Feria de Silao es mucho m\u00e1s que un evento recreativo: es una muestra del coraz\u00f3n y la identidad de Guanajuato. Desde espect\u00e1culos musicales hasta actividades para ni\u00f1as y ni\u00f1os, la feria ofrece opciones para todos los gustos y edades, promoviendo la convivencia y fortaleciendo el sentido de comunidad.<\/p>\n\n\n\n<p>La mandataria invit\u00f3 a todas y todos a no perderse la oportunidad de vivir esta experiencia \u00fanica. Record\u00f3 que a\u00fan hay tiempo para disfrutarla, ya que la feria estar\u00e1 abierta hasta el pr\u00f3ximo 10 de agosto. \u201cDense la vuelta\u201d, expres\u00f3, motivando a quienes a\u00fan no la han visitado a ser parte de esta gran celebraci\u00f3n.<\/p>\n\n\n\n<p>Para Libia Dennise, esta feria representa un esfuerzo conjunto entre autoridades y ciudadan\u00eda por mantener vivas las tradiciones y brindar espacios de alegr\u00eda. Su mensaje fue claro: la Feria de Silao est\u00e1 pensada con el coraz\u00f3n, y cada rinc\u00f3n de ella refleja el compromiso con la cultura, la diversi\u00f3n y el bienestar de las familias guanajuatenses.<\/p>\n\n\n\n<p>#ElGuanajuatenseVIP \u2013\u00a0<a href=\"https:\/\/www.facebook.com\/ElGuanajuatenseVIP\/\">El Guanajuatense VIP<\/a><\/p>\n","protected":false},"excerpt":{"rendered":"<p>#GobiernoDeGuanajuato.- La gobernadora de Guanajuato, Libia Dennise, ha destacado con entusiasmo la celebraci\u00f3n de la Feria de Silao, uno de<\/p>\n","protected":false},"author":7,"featured_media":9940,"comment_status":"open","ping_status":"open","sticky":false,"template":"","format":"standard","meta":{"colormag_page_container_layout":"default_layout","colormag_page_sidebar_layout":"default_layout","rop_custom_images_group":[],"rop_custom_messages_group":[],"rop_publish_now":"no","rop_publish_now_accounts":{"facebook_100397929117741_105998571690021":""},"rop_publish_now_history":[{"account":"facebook_100397929117741_105998571690021","service":"facebook","timestamp":1753759867,"status":"success"}],"rop_publish_now_status":"done","footnotes":""},"categories":[7],"tags":[42,30,174,39,41],"class_list":["post-9938","post","type-post","status-publish","format-standard","has-post-thumbnail","hentry","category-principales","tag-en-vivo","tag-guanajuato-gobierno-del-estado","tag-libia-dennise","tag-ultima-hora","tag-ultimo-minuto"],"_links":{"self":[{"href":"https:\/\/elguanajuatense.vip\/index.php?rest_route=\/wp\/v2\/posts\/9938","targetHints":{"allow":["GET"]}}],"collection":[{"href":"https:\/\/elguanajuatense.vip\/index.php?rest_route=\/wp\/v2\/posts"}],"about":[{"href":"https:\/\/elguanajuatense.vip\/index.php?rest_route=\/wp\/v2\/types\/post"}],"author":[{"embeddable":true,"href":"https:\/\/elguanajuatense.vip\/index.php?rest_route=\/wp\/v2\/users\/7"}],"replies":[{"embeddable":true,"href":"https:\/\/elguanajuatense.vip\/index.php?rest_route=%2Fwp%2Fv2%2Fcomments&post=9938"}],"version-history":[{"count":1,"href":"https:\/\/elguanajuatense.vip\/index.php?rest_route=\/wp\/v2\/posts\/9938\/revisions"}],"predecessor-version":[{"id":9941,"href":"https:\/\/elguanajuatense.vip\/index.php?rest_route=\/wp\/v2\/posts\/9938\/revisions\/9941"}],"wp:featuredmedia":[{"embeddable":true,"href":"https:\/\/elguanajuatense.vip\/index.php?rest_route=\/wp\/v2\/media\/9940"}],"wp:attachment":[{"href":"https:\/\/elguanajuatense.vip\/index.php?rest_route=%2Fwp%2Fv2%2Fmedia&parent=9938"}],"wp:term":[{"taxonomy":"category","embeddable":true,"href":"https:\/\/elguanajuatense.vip\/index.php?rest_route=%2Fwp%2Fv2%2Fcategories&post=9938"},{"taxonomy":"post_tag","embeddable":true,"href":"https:\/\/elguanajuatense.vip\/index.php?rest_route=%2Fwp%2Fv2%2Ftags&post=9938"}],"curies":[{"name":"wp","href":"https:\/\/api.w.org\/{rel}","templated":true}]}}