{"id":9988,"date":"2025-08-11T13:00:00","date_gmt":"2025-08-11T19:00:00","guid":{"rendered":"https:\/\/elguanajuatense.vip\/?p=9988"},"modified":"2025-08-19T12:45:00","modified_gmt":"2025-08-19T18:45:00","slug":"celaya-honra-a-tresguerras-con-exposicion-fotografica-en-el-centro-historico-jmendozamarquez-municipiocelaya","status":"publish","type":"post","link":"https:\/\/elguanajuatense.vip\/?p=9988","title":{"rendered":"Celaya honra a Tresguerras con exposici\u00f3n fotogr\u00e1fica en el centro hist\u00f3rico \/ @jmendozamarquez @municipiocelaya >>>"},"content":{"rendered":"\n<p class=\"wp-block-paragraph\"><strong>#Celaya, #Gto.-<\/strong> El Instituto de Arte y Cultura de Celaya, en colaboraci\u00f3n con la Cr\u00f3nica Municipal, presenta una exposici\u00f3n fotogr\u00e1fica dedicada a uno de los personajes m\u00e1s emblem\u00e1ticos de la ciudad: Francisco Eduardo Tresguerras. La muestra busca rendir homenaje a la vida y legado del arquitecto celayense, cuya obra marc\u00f3 una \u00e9poca en el arte y la arquitectura de Guanajuato.<\/p>\n\n\n\n<p class=\"wp-block-paragraph\">La exposici\u00f3n, titulada \u00abFrancisco Eduardo Tresguerras, el arquitecto insigne de Celaya\u00bb, abrir\u00e1 al p\u00fablico a partir del <strong>viernes 1 de agosto<\/strong> en un espacio simb\u00f3lico: el centro hist\u00f3rico de la ciudad, justo a un costado del monumento a Tresguerras y frente al templo del Carmen, una de sus construcciones m\u00e1s reconocidas.<\/p>\n\n\n\n<p class=\"wp-block-paragraph\">A trav\u00e9s de una cuidada selecci\u00f3n de fotograf\u00edas, los asistentes podr\u00e1n conocer m\u00e1s sobre las obras, el contexto hist\u00f3rico y la huella art\u00edstica que Tresguerras dej\u00f3 en la regi\u00f3n. La muestra busca despertar el inter\u00e9s por la historia local y destacar el valor del patrimonio arquitect\u00f3nico de Celaya.<\/p>\n\n\n\n<p class=\"wp-block-paragraph\">Este evento forma parte de los esfuerzos por fortalecer la identidad cultural del municipio y acercar el arte a la ciudadan\u00eda. Con entrada libre y una ubicaci\u00f3n accesible, la exposici\u00f3n invita a locales y visitantes a redescubrir el legado de un celayense ilustre.<\/p>\n\n\n\n<p class=\"wp-block-paragraph\">#ElGuanajuatenseVIP \u2013\u00a0<a href=\"https:\/\/www.facebook.com\/ElGuanajuatenseVIP\/\">El Guanajuatense VIP<\/a><\/p>\n","protected":false},"excerpt":{"rendered":"<p>#Celaya, #Gto.- El Instituto de Arte y Cultura de Celaya, en colaboraci\u00f3n con la Cr\u00f3nica Municipal, presenta una exposici\u00f3n fotogr\u00e1fica<\/p>\n","protected":false},"author":7,"featured_media":9989,"comment_status":"open","ping_status":"open","sticky":false,"template":"","format":"standard","meta":{"colormag_page_container_layout":"default_layout","colormag_page_sidebar_layout":"default_layout","rop_custom_images_group":[],"rop_custom_messages_group":[],"rop_publish_now":"no","rop_publish_now_accounts":{"facebook_100397929117741_105998571690021":""},"rop_publish_now_history":[{"account":"facebook_100397929117741_105998571690021","service":"facebook","timestamp":1754092473,"status":"success"}],"rop_publish_now_status":"done","footnotes":""},"categories":[27],"tags":[62,42,39,41],"class_list":["post-9988","post","type-post","status-publish","format-standard","has-post-thumbnail","hentry","category-municipios-destacados","tag-celaya","tag-en-vivo","tag-ultima-hora","tag-ultimo-minuto"],"_links":{"self":[{"href":"https:\/\/elguanajuatense.vip\/index.php?rest_route=\/wp\/v2\/posts\/9988","targetHints":{"allow":["GET"]}}],"collection":[{"href":"https:\/\/elguanajuatense.vip\/index.php?rest_route=\/wp\/v2\/posts"}],"about":[{"href":"https:\/\/elguanajuatense.vip\/index.php?rest_route=\/wp\/v2\/types\/post"}],"author":[{"embeddable":true,"href":"https:\/\/elguanajuatense.vip\/index.php?rest_route=\/wp\/v2\/users\/7"}],"replies":[{"embeddable":true,"href":"https:\/\/elguanajuatense.vip\/index.php?rest_route=%2Fwp%2Fv2%2Fcomments&post=9988"}],"version-history":[{"count":1,"href":"https:\/\/elguanajuatense.vip\/index.php?rest_route=\/wp\/v2\/posts\/9988\/revisions"}],"predecessor-version":[{"id":9990,"href":"https:\/\/elguanajuatense.vip\/index.php?rest_route=\/wp\/v2\/posts\/9988\/revisions\/9990"}],"wp:featuredmedia":[{"embeddable":true,"href":"https:\/\/elguanajuatense.vip\/index.php?rest_route=\/wp\/v2\/media\/9989"}],"wp:attachment":[{"href":"https:\/\/elguanajuatense.vip\/index.php?rest_route=%2Fwp%2Fv2%2Fmedia&parent=9988"}],"wp:term":[{"taxonomy":"category","embeddable":true,"href":"https:\/\/elguanajuatense.vip\/index.php?rest_route=%2Fwp%2Fv2%2Fcategories&post=9988"},{"taxonomy":"post_tag","embeddable":true,"href":"https:\/\/elguanajuatense.vip\/index.php?rest_route=%2Fwp%2Fv2%2Ftags&post=9988"}],"curies":[{"name":"wp","href":"https:\/\/api.w.org\/{rel}","templated":true}]}}